{"id":4356,"date":"2020-03-27T15:21:19","date_gmt":"2020-03-27T14:21:19","guid":{"rendered":"http:\/\/agora.xtec.cat\/ceip-ignasiiglesias-cornella\/?p=4356"},"modified":"2020-03-27T15:21:19","modified_gmt":"2020-03-27T14:21:19","slug":"experiments-per-a-families","status":"publish","type":"post","link":"https:\/\/agora.xtec.cat\/ceip-ignasiiglesias-cornella\/infantil\/p3\/experiments-per-a-families\/","title":{"rendered":"Experiments per a fam\u00edlies"},"content":{"rendered":"<p>Des d\u2019Innovamat ens conviden al primer experiment per fam\u00edlies!<\/p>\n<p>\u00c9s un experiment cient\u00edfic, que han preparat amb els companys d\u2019eXplorium, pensat perqu\u00e8 les fam\u00edlies amb fills d\u2019Infantil i Prim\u00e0ria puguin passar una estona plegats gaudint de la ci\u00e8ncia.<\/p>\n<p>El podreu veure al seu canal de Youtube.<\/p>\n<p><iframe loading=\"lazy\" src=\"https:\/\/www.youtube.com\/embed\/vRpi6MgXAKM\" width=\"560\" height=\"315\" frameborder=\"0\"><\/iframe><\/p>\n<p>Des de l\u2019escola us animem a fer-ho i esperem que tots en gaudiu!!<\/p>\n<p>Us adjuntem un <a href=\"https:\/\/drive.google.com\/drive\/u\/0\/folders\/1s0Xz5o1KLdHsjtFh59uyWoAySuH-NFnv\">document<\/a> que explica una mica m\u00e9s en detall l\u2019experiment!<\/p>\n<p>A m\u00e9s, mantenen el per\u00edode gratu\u00eft de la seva plataforma digital bmath, per mantenir el m\u00fascul matem\u00e0tic actiu des de casa. Podeu descarregar-la tant per Android com iOS!<\/p>\n","protected":false},"excerpt":{"rendered":"<p>Des d\u2019Innovamat ens conviden al primer experiment per fam\u00edlies!<br \/>\n\u00c9s un experiment cient\u00edfic, que han preparat amb els companys d\u2019eXplorium, pensat perqu\u00e8 les fam\u00edlies amb fills d\u2019Infantil i Prim\u00e0ria puguin passar una estona plegats gaudint de la ci\u00e8ncia.<br \/>\nEl podreu veure al seu canal de Youtube.<\/p>\n<p>Des de&hellip;  <a href=\"https:\/\/agora.xtec.cat\/ceip-ignasiiglesias-cornella\/infantil\/p3\/experiments-per-a-families\/\" title=\"Read Experiments per a fam\u00edlies\">Llegeix m\u00e9s\u00bb<\/a><\/p>\n","protected":false},"author":4,"featured_media":4357,"comment_status":"open","ping_status":"closed","sticky":false,"template":"","format":"standard","meta":{"_bbp_topic_count":0,"_bbp_reply_count":0,"_bbp_total_topic_count":0,"_bbp_total_reply_count":0,"_bbp_voice_count":0,"_bbp_anonymous_reply_count":0,"_bbp_topic_count_hidden":0,"_bbp_reply_count_hidden":0,"_bbp_forum_subforum_count":0,"footnotes":""},"categories":[10,12,14,3,8,9],"tags":[],"class_list":["post-4356","post","type-post","status-publish","format-standard","has-post-thumbnail","hentry","category-cicle-inicial","category-cicle-mitja","category-cicle-superior","category-p3","category-p4","category-p5"],"post_mailing_queue_ids":[],"_links":{"self":[{"href":"https:\/\/agora.xtec.cat\/ceip-ignasiiglesias-cornella\/wp-json\/wp\/v2\/posts\/4356","targetHints":{"allow":["GET"]}}],"collection":[{"href":"https:\/\/agora.xtec.cat\/ceip-ignasiiglesias-cornella\/wp-json\/wp\/v2\/posts"}],"about":[{"href":"https:\/\/agora.xtec.cat\/ceip-ignasiiglesias-cornella\/wp-json\/wp\/v2\/types\/post"}],"author":[{"embeddable":true,"href":"https:\/\/agora.xtec.cat\/ceip-ignasiiglesias-cornella\/wp-json\/wp\/v2\/users\/4"}],"replies":[{"embeddable":true,"href":"https:\/\/agora.xtec.cat\/ceip-ignasiiglesias-cornella\/wp-json\/wp\/v2\/comments?post=4356"}],"version-history":[{"count":1,"href":"https:\/\/agora.xtec.cat\/ceip-ignasiiglesias-cornella\/wp-json\/wp\/v2\/posts\/4356\/revisions"}],"predecessor-version":[{"id":4358,"href":"https:\/\/agora.xtec.cat\/ceip-ignasiiglesias-cornella\/wp-json\/wp\/v2\/posts\/4356\/revisions\/4358"}],"wp:featuredmedia":[{"embeddable":true,"href":"https:\/\/agora.xtec.cat\/ceip-ignasiiglesias-cornella\/wp-json\/wp\/v2\/media\/4357"}],"wp:attachment":[{"href":"https:\/\/agora.xtec.cat\/ceip-ignasiiglesias-cornella\/wp-json\/wp\/v2\/media?parent=4356"}],"wp:term":[{"taxonomy":"category","embeddable":true,"href":"https:\/\/agora.xtec.cat\/ceip-ignasiiglesias-cornella\/wp-json\/wp\/v2\/categories?post=4356"},{"taxonomy":"post_tag","embeddable":true,"href":"https:\/\/agora.xtec.cat\/ceip-ignasiiglesias-cornella\/wp-json\/wp\/v2\/tags?post=4356"}],"curies":[{"name":"wp","href":"https:\/\/api.w.org\/{rel}","templated":true}]}}