{"id":4105,"date":"2020-03-09T20:02:15","date_gmt":"2020-03-09T19:02:15","guid":{"rendered":"http:\/\/agora.xtec.cat\/ceip-ignasiiglesias-cornella\/?p=4105"},"modified":"2020-03-09T20:02:15","modified_gmt":"2020-03-09T19:02:15","slug":"p5-fantasia-del-metall","status":"publish","type":"post","link":"https:\/\/agora.xtec.cat\/ceip-ignasiiglesias-cornella\/portada\/p5-fantasia-del-metall\/","title":{"rendered":"P5. Fantasia del metall"},"content":{"rendered":"<p>Avui les nenes i nens de P5 hem anat a l&#8217; auditori de Sant Ildefons a veure l&#8217; espectacle &#8220;Fantasia del metall&#8221;. Hem apr\u00e8s moltes coses sobre els instruments de la fam\u00edlia del vent metall: trompeta, trompa, tromb\u00f3 de vares i tuba. Els m\u00fasics han interpretat bandes sonores de pel\u00b7l\u00edcules com: El rei lle\u00f3, 101 d\u00e0lmates, La bella i la B\u00e8stia, Blancaneu i els set nans&#8230; Finalment hem acabat cantant i ballant plegats can\u00e7ons populars catalanes com el sol solet, el gegant del pi, plou i fa sol&#8230;<\/p>\n<p>Entreu a la <a href=\"https:\/\/agora.xtec.cat\/ceip-ignasiiglesias-cornella\/fotos\/educacio-infantil-2019-2020\/\" target=\"_blank\" rel=\"noopener noreferrer\">galeria d&#8217; imatges<\/a> i veureu que b\u00e9 ens ho hem passat!<\/p>\n","protected":false},"excerpt":{"rendered":"<p>Avui les nenes i nens de P5 hem anat a l&#8217; auditori de Sant Ildefons a veure l&#8217; espectacle &#8220;Fantasia del metall&#8221;. Hem apr\u00e8s moltes coses sobre els instruments de la fam\u00edlia del vent metall: trompeta, trompa, tromb\u00f3 de vares i tuba. Els m\u00fasics han&hellip;  <a href=\"https:\/\/agora.xtec.cat\/ceip-ignasiiglesias-cornella\/portada\/p5-fantasia-del-metall\/\" title=\"Read P5. Fantasia del metall\">Llegeix m\u00e9s\u00bb<\/a><\/p>\n","protected":false},"author":4,"featured_media":4103,"comment_status":"open","ping_status":"closed","sticky":false,"template":"","format":"standard","meta":{"_bbp_topic_count":0,"_bbp_reply_count":0,"_bbp_total_topic_count":0,"_bbp_total_reply_count":0,"_bbp_voice_count":0,"_bbp_anonymous_reply_count":0,"_bbp_topic_count_hidden":0,"_bbp_reply_count_hidden":0,"_bbp_forum_subforum_count":0,"footnotes":""},"categories":[72,9,4],"tags":[245,719,720,232,296],"class_list":["post-4105","post","type-post","status-publish","format-standard","has-post-thumbnail","hentry","category-musica","category-p5","category-portada","tag-metall","tag-trombo","tag-trompa","tag-trompeta","tag-tuba"],"post_mailing_queue_ids":[],"_links":{"self":[{"href":"https:\/\/agora.xtec.cat\/ceip-ignasiiglesias-cornella\/wp-json\/wp\/v2\/posts\/4105","targetHints":{"allow":["GET"]}}],"collection":[{"href":"https:\/\/agora.xtec.cat\/ceip-ignasiiglesias-cornella\/wp-json\/wp\/v2\/posts"}],"about":[{"href":"https:\/\/agora.xtec.cat\/ceip-ignasiiglesias-cornella\/wp-json\/wp\/v2\/types\/post"}],"author":[{"embeddable":true,"href":"https:\/\/agora.xtec.cat\/ceip-ignasiiglesias-cornella\/wp-json\/wp\/v2\/users\/4"}],"replies":[{"embeddable":true,"href":"https:\/\/agora.xtec.cat\/ceip-ignasiiglesias-cornella\/wp-json\/wp\/v2\/comments?post=4105"}],"version-history":[{"count":1,"href":"https:\/\/agora.xtec.cat\/ceip-ignasiiglesias-cornella\/wp-json\/wp\/v2\/posts\/4105\/revisions"}],"predecessor-version":[{"id":4106,"href":"https:\/\/agora.xtec.cat\/ceip-ignasiiglesias-cornella\/wp-json\/wp\/v2\/posts\/4105\/revisions\/4106"}],"wp:featuredmedia":[{"embeddable":true,"href":"https:\/\/agora.xtec.cat\/ceip-ignasiiglesias-cornella\/wp-json\/wp\/v2\/media\/4103"}],"wp:attachment":[{"href":"https:\/\/agora.xtec.cat\/ceip-ignasiiglesias-cornella\/wp-json\/wp\/v2\/media?parent=4105"}],"wp:term":[{"taxonomy":"category","embeddable":true,"href":"https:\/\/agora.xtec.cat\/ceip-ignasiiglesias-cornella\/wp-json\/wp\/v2\/categories?post=4105"},{"taxonomy":"post_tag","embeddable":true,"href":"https:\/\/agora.xtec.cat\/ceip-ignasiiglesias-cornella\/wp-json\/wp\/v2\/tags?post=4105"}],"curies":[{"name":"wp","href":"https:\/\/api.w.org\/{rel}","templated":true}]}}