{"id":4084,"date":"2020-03-07T13:35:33","date_gmt":"2020-03-07T12:35:33","guid":{"rendered":"http:\/\/agora.xtec.cat\/ceip-ignasiiglesias-cornella\/?p=4084"},"modified":"2020-03-07T13:38:20","modified_gmt":"2020-03-07T12:38:20","slug":"8-de-marc-2","status":"publish","type":"post","link":"https:\/\/agora.xtec.cat\/ceip-ignasiiglesias-cornella\/general\/8-de-marc-2\/","title":{"rendered":"8 DE MAR\u00c7 DE 2020"},"content":{"rendered":"<p>Les nenes i els nens de l&#8217;Ignasi fan moltes coses, som persones sense cap mena de discriminaci\u00f3. Si voleu veure m\u00e9s cal que mireu a tots els articles de qualsevol nivell i ho podeu comprovar, per\u00f2 avui divendres hem volgut fer coses per treballar espec\u00edficament el dia 8 de mar\u00e7, on totes i tots som iguals,<\/p>\n<p style=\"text-align: center;\"><strong>SOM PERSONES.<\/strong><\/p>\n<p><a href=\"https:\/\/photos.app.goo.gl\/7oaN4c29caVAyKxr9\"><img loading=\"lazy\" decoding=\"async\" class=\"aligncenter size-medium wp-image-4086\" src=\"https:\/\/agora.xtec.cat\/ceip-ignasiiglesias-cornella\/wp-content\/uploads\/usu1592\/2020\/03\/que-piensan-los-ninos-y-ninas-sobre-igualdad-de-genero-1200x630-300x158.jpg\" alt=\"\" width=\"300\" height=\"158\" \/><\/a><\/p>\n<p>A m\u00e9s hem tingut l&#8217;actuaci\u00f3 d&#8217;una Maga al cicle d&#8217;infantil, els nens s&#8217;ho han passat genial. Gr\u00e0cies Al\u00edcia.<\/p>\n","protected":false},"excerpt":{"rendered":"<p>Les nenes i els nens de l&#8217;Ignasi fan moltes coses, som persones sense cap mena de discriminaci\u00f3. Si voleu veure m\u00e9s cal que mireu a tots els articles de qualsevol nivell i ho podeu comprovar, per\u00f2 avui divendres hem volgut fer coses per treballar espec\u00edficament&hellip;  <a href=\"https:\/\/agora.xtec.cat\/ceip-ignasiiglesias-cornella\/general\/8-de-marc-2\/\" title=\"Read 8 DE MAR\u00c7 DE 2020\">Llegeix m\u00e9s\u00bb<\/a><\/p>\n","protected":false},"author":1,"featured_media":4086,"comment_status":"closed","ping_status":"closed","sticky":false,"template":"","format":"standard","meta":{"_bbp_topic_count":0,"_bbp_reply_count":0,"_bbp_total_topic_count":0,"_bbp_total_reply_count":0,"_bbp_voice_count":0,"_bbp_anonymous_reply_count":0,"_bbp_topic_count_hidden":0,"_bbp_reply_count_hidden":0,"_bbp_forum_subforum_count":0,"footnotes":""},"categories":[1,2,3,8,9],"tags":[717,716,375,85,718,92,93,86],"class_list":["post-4084","post","type-post","status-publish","format-standard","has-post-thumbnail","hentry","category-general","category-infantil","category-p3","category-p4","category-p5","tag-8-de-marc","tag-dia-de-la-dona","tag-espectacle","tag-infantil","tag-magia","tag-p3","tag-p4","tag-p5"],"post_mailing_queue_ids":[],"_links":{"self":[{"href":"https:\/\/agora.xtec.cat\/ceip-ignasiiglesias-cornella\/wp-json\/wp\/v2\/posts\/4084","targetHints":{"allow":["GET"]}}],"collection":[{"href":"https:\/\/agora.xtec.cat\/ceip-ignasiiglesias-cornella\/wp-json\/wp\/v2\/posts"}],"about":[{"href":"https:\/\/agora.xtec.cat\/ceip-ignasiiglesias-cornella\/wp-json\/wp\/v2\/types\/post"}],"author":[{"embeddable":true,"href":"https:\/\/agora.xtec.cat\/ceip-ignasiiglesias-cornella\/wp-json\/wp\/v2\/users\/1"}],"replies":[{"embeddable":true,"href":"https:\/\/agora.xtec.cat\/ceip-ignasiiglesias-cornella\/wp-json\/wp\/v2\/comments?post=4084"}],"version-history":[{"count":2,"href":"https:\/\/agora.xtec.cat\/ceip-ignasiiglesias-cornella\/wp-json\/wp\/v2\/posts\/4084\/revisions"}],"predecessor-version":[{"id":4092,"href":"https:\/\/agora.xtec.cat\/ceip-ignasiiglesias-cornella\/wp-json\/wp\/v2\/posts\/4084\/revisions\/4092"}],"wp:featuredmedia":[{"embeddable":true,"href":"https:\/\/agora.xtec.cat\/ceip-ignasiiglesias-cornella\/wp-json\/wp\/v2\/media\/4086"}],"wp:attachment":[{"href":"https:\/\/agora.xtec.cat\/ceip-ignasiiglesias-cornella\/wp-json\/wp\/v2\/media?parent=4084"}],"wp:term":[{"taxonomy":"category","embeddable":true,"href":"https:\/\/agora.xtec.cat\/ceip-ignasiiglesias-cornella\/wp-json\/wp\/v2\/categories?post=4084"},{"taxonomy":"post_tag","embeddable":true,"href":"https:\/\/agora.xtec.cat\/ceip-ignasiiglesias-cornella\/wp-json\/wp\/v2\/tags?post=4084"}],"curies":[{"name":"wp","href":"https:\/\/api.w.org\/{rel}","templated":true}]}}