{"id":4071,"date":"2020-03-09T20:14:37","date_gmt":"2020-03-09T19:14:37","guid":{"rendered":"http:\/\/agora.xtec.cat\/ceip-ignasiiglesias-cornella\/?p=4071"},"modified":"2020-03-09T20:22:18","modified_gmt":"2020-03-09T19:22:18","slug":"sise-i-esport-adaptat","status":"publish","type":"post","link":"https:\/\/agora.xtec.cat\/ceip-ignasiiglesias-cornella\/general\/sise-i-esport-adaptat\/","title":{"rendered":"Sis\u00e8 i &#8220;Esport adaptat&#8221;"},"content":{"rendered":"<p>De la m\u00e0 d&#8217;en V\u00edctor, &#8220;el profe d&#8217;Educaci\u00f3 f\u00edsica&#8221; v\u00e0rem gaudir de\u00a0 l&#8217;experi\u00e8ncia de viure l&#8217;esport adaptat, \u00e9s a dir, de posar-nos a la pell d&#8217;aquelles persones que practiquen esport i creuen amb el marge de superaci\u00f3 personal que tenen, m\u00e9s enll\u00e0 de la limitaci\u00f3 f\u00edsica que hi veuen els altres.<\/p>\n<p>Els nostres infants han viscut l&#8217;esfo\u00e7 i la dificultat que suposa fer-se amb una pilota o encistellar-la, quan cal moure&#8217;s i dominar la pista amb una cadira de rodes. Seguir la traject\u00f2ria d&#8217;una pilota amb els ulls tancats i moure&#8217;s amb habilitat \u00e9s molt dif\u00edcil, per\u00f2 del tot possible si es treballa el sentit auditiu (per escoltar el recorregut que fa la pilota que cont\u00e9 picarols), i si es creu que veritablement es pot aconseguir.<\/p>\n<p>Ha estat una activitat ben valorada i aprofitada pel infants, que ofereix una altra mirada, la de l&#8217;admiraci\u00f3.<\/p>\n<figure class=\"figure wp-caption aligncenter\"><a href=\"https:\/\/agora.xtec.cat\/ceip-ignasiiglesias-cornella\/fotos\/cicle-superior-2019-2020\/\"><img loading=\"lazy\" decoding=\"async\" class=\"size-medium wp-image-4109\" src=\"https:\/\/agora.xtec.cat\/ceip-ignasiiglesias-cornella\/wp-content\/uploads\/usu1592\/2020\/03\/cadires-rodes-300x225.jpg\" alt=\"\" width=\"300\" height=\"225\" srcset=\"https:\/\/agora.xtec.cat\/ceip-ignasiiglesias-cornella\/wp-content\/uploads\/usu1592\/2020\/03\/cadires-rodes-300x225.jpg 300w, https:\/\/agora.xtec.cat\/ceip-ignasiiglesias-cornella\/wp-content\/uploads\/usu1592\/2020\/03\/cadires-rodes-768x576.jpg 768w, https:\/\/agora.xtec.cat\/ceip-ignasiiglesias-cornella\/wp-content\/uploads\/usu1592\/2020\/03\/cadires-rodes-1024x768.jpg 1024w, https:\/\/agora.xtec.cat\/ceip-ignasiiglesias-cornella\/wp-content\/uploads\/usu1592\/2020\/03\/cadires-rodes-200x150.jpg 200w\" sizes=\"auto, (max-width: 300px) 100vw, 300px\" \/><\/a><figcaption class=\"wp-caption-text\">All-focus<\/figcaption><\/figure>\n<p>&nbsp;<\/p>\n<p>&nbsp;<\/p>\n","protected":false},"excerpt":{"rendered":"<p>De la m\u00e0 d&#8217;en V\u00edctor, &#8220;el profe d&#8217;Educaci\u00f3 f\u00edsica&#8221; v\u00e0rem gaudir de\u00a0 l&#8217;experi\u00e8ncia de viure l&#8217;esport adaptat, \u00e9s a dir, de posar-nos a la pell d&#8217;aquelles persones que practiquen esport i creuen amb el marge de superaci\u00f3 personal que tenen, m\u00e9s enll\u00e0 de la limitaci\u00f3&hellip;  <a href=\"https:\/\/agora.xtec.cat\/ceip-ignasiiglesias-cornella\/general\/sise-i-esport-adaptat\/\" title=\"Read Sis\u00e8 i &#8220;Esport adaptat&#8221;\">Llegeix m\u00e9s\u00bb<\/a><\/p>\n","protected":false},"author":1,"featured_media":4109,"comment_status":"closed","ping_status":"closed","sticky":false,"template":"","format":"standard","meta":{"_bbp_topic_count":0,"_bbp_reply_count":0,"_bbp_total_topic_count":0,"_bbp_total_reply_count":0,"_bbp_voice_count":0,"_bbp_anonymous_reply_count":0,"_bbp_topic_count_hidden":0,"_bbp_reply_count_hidden":0,"_bbp_forum_subforum_count":0,"footnotes":""},"categories":[14,81,1],"tags":[309,308,133],"class_list":["post-4071","post","type-post","status-publish","format-standard","has-post-thumbnail","hentry","category-cicle-superior","category-educacio-fisica","category-general","tag-adaptat","tag-esport","tag-sise"],"post_mailing_queue_ids":[],"_links":{"self":[{"href":"https:\/\/agora.xtec.cat\/ceip-ignasiiglesias-cornella\/wp-json\/wp\/v2\/posts\/4071","targetHints":{"allow":["GET"]}}],"collection":[{"href":"https:\/\/agora.xtec.cat\/ceip-ignasiiglesias-cornella\/wp-json\/wp\/v2\/posts"}],"about":[{"href":"https:\/\/agora.xtec.cat\/ceip-ignasiiglesias-cornella\/wp-json\/wp\/v2\/types\/post"}],"author":[{"embeddable":true,"href":"https:\/\/agora.xtec.cat\/ceip-ignasiiglesias-cornella\/wp-json\/wp\/v2\/users\/1"}],"replies":[{"embeddable":true,"href":"https:\/\/agora.xtec.cat\/ceip-ignasiiglesias-cornella\/wp-json\/wp\/v2\/comments?post=4071"}],"version-history":[{"count":3,"href":"https:\/\/agora.xtec.cat\/ceip-ignasiiglesias-cornella\/wp-json\/wp\/v2\/posts\/4071\/revisions"}],"predecessor-version":[{"id":4117,"href":"https:\/\/agora.xtec.cat\/ceip-ignasiiglesias-cornella\/wp-json\/wp\/v2\/posts\/4071\/revisions\/4117"}],"wp:featuredmedia":[{"embeddable":true,"href":"https:\/\/agora.xtec.cat\/ceip-ignasiiglesias-cornella\/wp-json\/wp\/v2\/media\/4109"}],"wp:attachment":[{"href":"https:\/\/agora.xtec.cat\/ceip-ignasiiglesias-cornella\/wp-json\/wp\/v2\/media?parent=4071"}],"wp:term":[{"taxonomy":"category","embeddable":true,"href":"https:\/\/agora.xtec.cat\/ceip-ignasiiglesias-cornella\/wp-json\/wp\/v2\/categories?post=4071"},{"taxonomy":"post_tag","embeddable":true,"href":"https:\/\/agora.xtec.cat\/ceip-ignasiiglesias-cornella\/wp-json\/wp\/v2\/tags?post=4071"}],"curies":[{"name":"wp","href":"https:\/\/api.w.org\/{rel}","templated":true}]}}