{"id":4058,"date":"2020-03-07T12:47:22","date_gmt":"2020-03-07T11:47:22","guid":{"rendered":"http:\/\/agora.xtec.cat\/ceip-ignasiiglesias-cornella\/?p=4058"},"modified":"2020-03-09T20:08:27","modified_gmt":"2020-03-09T19:08:27","slug":"carnaval-2020","status":"publish","type":"post","link":"https:\/\/agora.xtec.cat\/ceip-ignasiiglesias-cornella\/general\/carnaval-2020\/","title":{"rendered":"CARNAVAL 2020"},"content":{"rendered":"<p>Ens ha passat el Carnaval com si res, no ens hem adonat. Ens ho hem anat passant d&#8217;all\u00f2 m\u00e9s b\u00e9. Totes i tots a l&#8217;escola hem fet un munt de feina per fer una gran rua i una desfilada impressionant. Us anirem afegint enlla\u00e7os per\u00f2 aqu\u00ed teniu un tastet de les fotos de tots els grups. Agrair a les fam\u00edlies que han fet aquest esfor\u00e7 d&#8217;ajudar-nos, tant en la preparaci\u00f3 de les disfresses, en l&#8217;acompanyament per la desfilada i els que ens heu fet aquestes fotos,\u00a0 amb vosaltres, <strong>TOTES I TOTS SOM UNA GRAN FAM\u00cdLIA.<\/strong><\/p>\n<p><strong><img loading=\"lazy\" decoding=\"async\" class=\"wp-image-4006 aligncenter\" src=\"https:\/\/agora.xtec.cat\/ceip-ignasiiglesias-cornella\/wp-content\/uploads\/usu1592\/2020\/02\/carnaval2020p-678x381-300x169.jpg\" alt=\"\" width=\"373\" height=\"210\" srcset=\"https:\/\/agora.xtec.cat\/ceip-ignasiiglesias-cornella\/wp-content\/uploads\/usu1592\/2020\/02\/carnaval2020p-678x381-300x169.jpg 300w, https:\/\/agora.xtec.cat\/ceip-ignasiiglesias-cornella\/wp-content\/uploads\/usu1592\/2020\/02\/carnaval2020p-678x381.jpg 678w\" sizes=\"auto, (max-width: 373px) 100vw, 373px\" \/><\/strong><\/p>\n<p><a href=\"https:\/\/agora.xtec.cat\/ceip-ignasiiglesias-cornella\/fotos\/educacio-infantil-2019-2020\/\" target=\"_blank\" rel=\"noopener noreferrer\">GALERIA\u00a0 P3 P4 P5<\/a><\/p>\n<p><a href=\"https:\/\/agora.xtec.cat\/ceip-ignasiiglesias-cornella\/fotos\/cicle-inicial-2019-2020\/\" target=\"_blank\" rel=\"noopener noreferrer\">GALERIA 1r i 2n<\/a><\/p>\n<p><a href=\"https:\/\/agora.xtec.cat\/ceip-ignasiiglesias-cornella\/fotos\/cicle-mitja-2019-2020\/\" target=\"_blank\" rel=\"noopener noreferrer\">GALERIA 3r i 4t<\/a><b><\/b><\/p>\n<p><a href=\"https:\/\/agora.xtec.cat\/ceip-ignasiiglesias-cornella\/fotos\/cicle-superior-2019-2020\/\" target=\"_blank\" rel=\"noopener noreferrer\">GALERIA 5\u00e8 i 6\u00e8<\/a><\/p>\n<p>&nbsp;<\/p>\n","protected":false},"excerpt":{"rendered":"<p>Ens ha passat el Carnaval com si res, no ens hem adonat. Ens ho hem anat passant d&#8217;all\u00f2 m\u00e9s b\u00e9. Totes i tots a l&#8217;escola hem fet un munt de feina per fer una gran rua i una desfilada impressionant. Us anirem afegint enlla\u00e7os per\u00f2&hellip;  <a href=\"https:\/\/agora.xtec.cat\/ceip-ignasiiglesias-cornella\/general\/carnaval-2020\/\" title=\"Read CARNAVAL 2020\">Llegeix m\u00e9s\u00bb<\/a><\/p>\n","protected":false},"author":1,"featured_media":4006,"comment_status":"closed","ping_status":"closed","sticky":false,"template":"","format":"standard","meta":{"_bbp_topic_count":0,"_bbp_reply_count":0,"_bbp_total_topic_count":0,"_bbp_total_reply_count":0,"_bbp_voice_count":0,"_bbp_anonymous_reply_count":0,"_bbp_topic_count_hidden":0,"_bbp_reply_count_hidden":0,"_bbp_forum_subforum_count":0,"footnotes":""},"categories":[10,12,14,74,1,2,3,8,9,4,5],"tags":[61,714,62],"class_list":["post-4058","post","type-post","status-publish","format-standard","has-post-thumbnail","hentry","category-cicle-inicial","category-cicle-mitja","category-cicle-superior","category-festes","category-general","category-infantil","category-p3","category-p4","category-p5","category-portada","category-primaria","tag-carnaval","tag-disfresses","tag-festes"],"post_mailing_queue_ids":[],"_links":{"self":[{"href":"https:\/\/agora.xtec.cat\/ceip-ignasiiglesias-cornella\/wp-json\/wp\/v2\/posts\/4058","targetHints":{"allow":["GET"]}}],"collection":[{"href":"https:\/\/agora.xtec.cat\/ceip-ignasiiglesias-cornella\/wp-json\/wp\/v2\/posts"}],"about":[{"href":"https:\/\/agora.xtec.cat\/ceip-ignasiiglesias-cornella\/wp-json\/wp\/v2\/types\/post"}],"author":[{"embeddable":true,"href":"https:\/\/agora.xtec.cat\/ceip-ignasiiglesias-cornella\/wp-json\/wp\/v2\/users\/1"}],"replies":[{"embeddable":true,"href":"https:\/\/agora.xtec.cat\/ceip-ignasiiglesias-cornella\/wp-json\/wp\/v2\/comments?post=4058"}],"version-history":[{"count":3,"href":"https:\/\/agora.xtec.cat\/ceip-ignasiiglesias-cornella\/wp-json\/wp\/v2\/posts\/4058\/revisions"}],"predecessor-version":[{"id":4108,"href":"https:\/\/agora.xtec.cat\/ceip-ignasiiglesias-cornella\/wp-json\/wp\/v2\/posts\/4058\/revisions\/4108"}],"wp:featuredmedia":[{"embeddable":true,"href":"https:\/\/agora.xtec.cat\/ceip-ignasiiglesias-cornella\/wp-json\/wp\/v2\/media\/4006"}],"wp:attachment":[{"href":"https:\/\/agora.xtec.cat\/ceip-ignasiiglesias-cornella\/wp-json\/wp\/v2\/media?parent=4058"}],"wp:term":[{"taxonomy":"category","embeddable":true,"href":"https:\/\/agora.xtec.cat\/ceip-ignasiiglesias-cornella\/wp-json\/wp\/v2\/categories?post=4058"},{"taxonomy":"post_tag","embeddable":true,"href":"https:\/\/agora.xtec.cat\/ceip-ignasiiglesias-cornella\/wp-json\/wp\/v2\/tags?post=4058"}],"curies":[{"name":"wp","href":"https:\/\/api.w.org\/{rel}","templated":true}]}}