{"id":4016,"date":"2020-03-02T16:03:40","date_gmt":"2020-03-02T15:03:40","guid":{"rendered":"http:\/\/agora.xtec.cat\/ceip-ignasiiglesias-cornella\/?p=4016"},"modified":"2020-03-02T16:03:40","modified_gmt":"2020-03-02T15:03:40","slug":"sortida-a-la-pedrera-casa-mila","status":"publish","type":"post","link":"https:\/\/agora.xtec.cat\/ceip-ignasiiglesias-cornella\/primaria\/sortida-a-la-pedrera-casa-mila\/","title":{"rendered":"SORTIDA A LA PEDRERA (CASA MIL\u00c0)"},"content":{"rendered":"<p>Els nens i nenes de primer hem anat al Passeig de Gr\u00e0cia de Barcelona a veure un edifici emblem\u00e0tic de la ciutat, la Pedrera, tamb\u00e9 conegut com a la casa Mil\u00e0.<\/p>\n<p>Hem apr\u00e8s moltes coses d&#8217;aquest edifici al llarg de la visita guiada, entre d&#8217;altres que el seu arquitecte va ser Antoni Gaud\u00ed. Per acabar, ens ho hem passat molt b\u00e9 fent un taller forjant ferro.\u00a0 <a href=\"https:\/\/agora.xtec.cat\/ceip-ignasiiglesias-cornella\/fotos\/cicle-inicial-2019-2020\/\"><img loading=\"lazy\" decoding=\"async\" class=\"alignnone size-full wp-image-4017\" src=\"https:\/\/agora.xtec.cat\/ceip-ignasiiglesias-cornella\/wp-content\/uploads\/usu1592\/2020\/03\/la-Pedrera.jpg\" alt=\"\" width=\"798\" height=\"532\" srcset=\"https:\/\/agora.xtec.cat\/ceip-ignasiiglesias-cornella\/wp-content\/uploads\/usu1592\/2020\/03\/la-Pedrera.jpg 798w, https:\/\/agora.xtec.cat\/ceip-ignasiiglesias-cornella\/wp-content\/uploads\/usu1592\/2020\/03\/la-Pedrera-300x200.jpg 300w, https:\/\/agora.xtec.cat\/ceip-ignasiiglesias-cornella\/wp-content\/uploads\/usu1592\/2020\/03\/la-Pedrera-768x512.jpg 768w\" sizes=\"auto, (max-width: 798px) 100vw, 798px\" \/><\/a><\/p>\n<p><a href=\"https:\/\/photos.google.com\/u\/1\/album\/AF1QipOz9u4eHSIPcCdvQzP9s_N8T5jFC3wlTgayP8zf\">Mireu, mireu<\/a>&#8230;<\/p>\n","protected":false},"excerpt":{"rendered":"<p>Els nens i nenes de primer hem anat al Passeig de Gr\u00e0cia de Barcelona a veure un edifici emblem\u00e0tic de la ciutat, la Pedrera, tamb\u00e9 conegut com a la casa Mil\u00e0.<br \/>\nHem apr\u00e8s moltes coses d&#8217;aquest edifici al llarg de la visita guiada, entre d&#8217;altres que&hellip;  <a href=\"https:\/\/agora.xtec.cat\/ceip-ignasiiglesias-cornella\/primaria\/sortida-a-la-pedrera-casa-mila\/\" title=\"Read SORTIDA A LA PEDRERA (CASA MIL\u00c0)\">Llegeix m\u00e9s\u00bb<\/a><\/p>\n","protected":false},"author":1,"featured_media":4017,"comment_status":"closed","ping_status":"closed","sticky":false,"template":"","format":"standard","meta":{"_bbp_topic_count":0,"_bbp_reply_count":0,"_bbp_total_topic_count":0,"_bbp_total_reply_count":0,"_bbp_voice_count":0,"_bbp_anonymous_reply_count":0,"_bbp_topic_count_hidden":0,"_bbp_reply_count_hidden":0,"_bbp_forum_subforum_count":0,"footnotes":""},"categories":[10,5],"tags":[709,137,708,138],"class_list":["post-4016","post","type-post","status-publish","format-standard","has-post-thumbnail","hentry","category-cicle-inicial","category-primaria","tag-casa-mila","tag-cicle-inicial","tag-la-pedrera","tag-primer"],"post_mailing_queue_ids":[],"_links":{"self":[{"href":"https:\/\/agora.xtec.cat\/ceip-ignasiiglesias-cornella\/wp-json\/wp\/v2\/posts\/4016","targetHints":{"allow":["GET"]}}],"collection":[{"href":"https:\/\/agora.xtec.cat\/ceip-ignasiiglesias-cornella\/wp-json\/wp\/v2\/posts"}],"about":[{"href":"https:\/\/agora.xtec.cat\/ceip-ignasiiglesias-cornella\/wp-json\/wp\/v2\/types\/post"}],"author":[{"embeddable":true,"href":"https:\/\/agora.xtec.cat\/ceip-ignasiiglesias-cornella\/wp-json\/wp\/v2\/users\/1"}],"replies":[{"embeddable":true,"href":"https:\/\/agora.xtec.cat\/ceip-ignasiiglesias-cornella\/wp-json\/wp\/v2\/comments?post=4016"}],"version-history":[{"count":3,"href":"https:\/\/agora.xtec.cat\/ceip-ignasiiglesias-cornella\/wp-json\/wp\/v2\/posts\/4016\/revisions"}],"predecessor-version":[{"id":4021,"href":"https:\/\/agora.xtec.cat\/ceip-ignasiiglesias-cornella\/wp-json\/wp\/v2\/posts\/4016\/revisions\/4021"}],"wp:featuredmedia":[{"embeddable":true,"href":"https:\/\/agora.xtec.cat\/ceip-ignasiiglesias-cornella\/wp-json\/wp\/v2\/media\/4017"}],"wp:attachment":[{"href":"https:\/\/agora.xtec.cat\/ceip-ignasiiglesias-cornella\/wp-json\/wp\/v2\/media?parent=4016"}],"wp:term":[{"taxonomy":"category","embeddable":true,"href":"https:\/\/agora.xtec.cat\/ceip-ignasiiglesias-cornella\/wp-json\/wp\/v2\/categories?post=4016"},{"taxonomy":"post_tag","embeddable":true,"href":"https:\/\/agora.xtec.cat\/ceip-ignasiiglesias-cornella\/wp-json\/wp\/v2\/tags?post=4016"}],"curies":[{"name":"wp","href":"https:\/\/api.w.org\/{rel}","templated":true}]}}