{"id":3978,"date":"2020-02-17T20:07:01","date_gmt":"2020-02-17T19:07:01","guid":{"rendered":"http:\/\/agora.xtec.cat\/ceip-ignasiiglesias-cornella\/?p=3978"},"modified":"2020-02-17T20:16:00","modified_gmt":"2020-02-17T19:16:00","slug":"carnestoltes-2020","status":"publish","type":"post","link":"https:\/\/agora.xtec.cat\/ceip-ignasiiglesias-cornella\/general\/carnestoltes-2020\/","title":{"rendered":"CARNESTOLTES 2020"},"content":{"rendered":"<p>Fam\u00edlies, grans i petits de l&#8217;escola i a tos els que pugui interessar!!!!!!<\/p>\n<p>Sa majestat el REI CARNESTOLTES ja ha arribat a l&#8217;escola, \u00e9s moment de gresca i de disbauxa. Durant tota aquesta setmana hem de complir les consignes del Carnestoltes.<\/p>\n<p style=\"text-align: center;\"><strong>DIMARTS. ENS CAUREM DE LA &#8220;CAMA&#8221; I VINDREM AMB PIJAMA.<\/strong><\/p>\n<p style=\"text-align: center;\"><strong>DIMECRES. AMB PERRUCA VINDR\u00c0S.<\/strong><\/p>\n<p style=\"text-align: center;\"><strong>DIJOUS. DE G\u00d2TICA O G\u00d2TIC VINDR\u00c0S SI PENYORA NO VOLS PAGAR.<\/strong><\/p>\n<p style=\"text-align: center;\"><strong>DIVENDRES. TOTS A LA RUA BEN DISFRESSATS.<\/strong><\/p>\n<p>Si voleu anar veient que b\u00e9 ens ho passem cliqueu damunt la foto de sa Majestat.<\/p>\n<p><a href=\"https:\/\/agora.xtec.cat\/ceip-ignasiiglesias-cornella\/fotos\/educacio-infantil-2019-2020\/\"><img loading=\"lazy\" decoding=\"async\" class=\"aligncenter\" src=\"https:\/\/lh3.googleusercontent.com\/h4P_IUaTh51Q0lQ6waZs0N3B4HewTd4EaUcNqquX_FsLqbyI4ANNdYye9bF8WXSXQd-My_OAr-8Tx6O-eIk_JTHxpghXhMzYZ8uOMVSDy9A7F3srB_f0LmODL5kMlmSoVhnUo-MiPTVULztavrvCSQqUenjxTVh6LR8SNvdQY73-w12qnUyXP8SnzSnJIaXq4Sw_TDyDB_PLqRDGvCCxSD9CySq-ye4evpluSMVonAjZ0iLxDM-sjXH8wCzcLIJLU1qd7NHdDcRRAS_AMhAGySrivClLY3lYP9Obl5Cxjr2EBWYAXZmA6rfRUdmr7RLMy6aM8ACeoxxKNIEdHtDeMEiGTisEkQVpnNUq2-QcXbGI1PdrXPbY2vfldwHHn9VGmRQCE7mTjY9Kk77QZKRmTVZG68vrQhs-ODQHM2jp-IVkv0Vz_IuJjy2lLgYU1R8eVrJP54HdHYa2m30ONBBOKriSEBHpH2Iq7LtosjybfnvaMNiS-y1vffLVAwdcIPnH_Bftm34VUu_8mCOk2BpwjvnkpBI-orwbRUkcwNS_S4xSfkDzrxaSptxDPrSVHqE2FWaD2JC_1k6vylch8bz-8ZoNEaFgziwjMYcM1OloCL2q2FCj58hodoWe_yMNMaP2YkwzqqoKuOLXeUata8OcBmN3cgPscrGvAaTViVtV3MAIBR9BYphh5W7M=w756-h1007-no\" width=\"310\" height=\"414\" \/><\/a><\/p>\n","protected":false},"excerpt":{"rendered":"<p>Fam\u00edlies, grans i petits de l&#8217;escola i a tos els que pugui interessar!!!!!!<br \/>\nSa majestat el REI CARNESTOLTES ja ha arribat a l&#8217;escola, \u00e9s moment de gresca i de disbauxa. Durant tota aquesta setmana hem de complir les consignes del Carnestoltes.<br \/>\nDIMARTS. ENS CAUREM DE LA &#8220;CAMA&#8221;&hellip;  <a href=\"https:\/\/agora.xtec.cat\/ceip-ignasiiglesias-cornella\/general\/carnestoltes-2020\/\" title=\"Read CARNESTOLTES 2020\">Llegeix m\u00e9s\u00bb<\/a><\/p>\n","protected":false},"author":1,"featured_media":3976,"comment_status":"open","ping_status":"closed","sticky":false,"template":"","format":"standard","meta":{"_bbp_topic_count":0,"_bbp_reply_count":0,"_bbp_total_topic_count":0,"_bbp_total_reply_count":0,"_bbp_voice_count":0,"_bbp_anonymous_reply_count":0,"_bbp_topic_count_hidden":0,"_bbp_reply_count_hidden":0,"_bbp_forum_subforum_count":0,"footnotes":""},"categories":[1,2,72,3,8,9],"tags":[57,651,92,93,86],"class_list":["post-3978","post","type-post","status-publish","format-standard","has-post-thumbnail","hentry","category-general","category-infantil","category-musica","category-p3","category-p4","category-p5","tag-carnestoltes","tag-educacio-infantil","tag-p3","tag-p4","tag-p5"],"post_mailing_queue_ids":[],"_links":{"self":[{"href":"https:\/\/agora.xtec.cat\/ceip-ignasiiglesias-cornella\/wp-json\/wp\/v2\/posts\/3978","targetHints":{"allow":["GET"]}}],"collection":[{"href":"https:\/\/agora.xtec.cat\/ceip-ignasiiglesias-cornella\/wp-json\/wp\/v2\/posts"}],"about":[{"href":"https:\/\/agora.xtec.cat\/ceip-ignasiiglesias-cornella\/wp-json\/wp\/v2\/types\/post"}],"author":[{"embeddable":true,"href":"https:\/\/agora.xtec.cat\/ceip-ignasiiglesias-cornella\/wp-json\/wp\/v2\/users\/1"}],"replies":[{"embeddable":true,"href":"https:\/\/agora.xtec.cat\/ceip-ignasiiglesias-cornella\/wp-json\/wp\/v2\/comments?post=3978"}],"version-history":[{"count":3,"href":"https:\/\/agora.xtec.cat\/ceip-ignasiiglesias-cornella\/wp-json\/wp\/v2\/posts\/3978\/revisions"}],"predecessor-version":[{"id":3983,"href":"https:\/\/agora.xtec.cat\/ceip-ignasiiglesias-cornella\/wp-json\/wp\/v2\/posts\/3978\/revisions\/3983"}],"wp:featuredmedia":[{"embeddable":true,"href":"https:\/\/agora.xtec.cat\/ceip-ignasiiglesias-cornella\/wp-json\/wp\/v2\/media\/3976"}],"wp:attachment":[{"href":"https:\/\/agora.xtec.cat\/ceip-ignasiiglesias-cornella\/wp-json\/wp\/v2\/media?parent=3978"}],"wp:term":[{"taxonomy":"category","embeddable":true,"href":"https:\/\/agora.xtec.cat\/ceip-ignasiiglesias-cornella\/wp-json\/wp\/v2\/categories?post=3978"},{"taxonomy":"post_tag","embeddable":true,"href":"https:\/\/agora.xtec.cat\/ceip-ignasiiglesias-cornella\/wp-json\/wp\/v2\/tags?post=3978"}],"curies":[{"name":"wp","href":"https:\/\/api.w.org\/{rel}","templated":true}]}}