{"id":3948,"date":"2020-02-01T19:10:49","date_gmt":"2020-02-01T18:10:49","guid":{"rendered":"http:\/\/agora.xtec.cat\/ceip-ignasiiglesias-cornella\/?p=3948"},"modified":"2020-02-01T19:10:49","modified_gmt":"2020-02-01T18:10:49","slug":"la-bibliopati-a-lignasi-iglesias","status":"publish","type":"post","link":"https:\/\/agora.xtec.cat\/ceip-ignasiiglesias-cornella\/portada\/la-bibliopati-a-lignasi-iglesias\/","title":{"rendered":"La Bibliopati a l\u2019Ignasi Iglesias"},"content":{"rendered":"<p>Al llarg dels darrers anys hem sentit parlar de la transformaci\u00f3 dels patis escolars, en un intent de donar alternativa al futbol a l\u2019hora de l\u2019esbarjo i de recuperar jocs tradicionals o fomentar la m\u00fasica o el ball. \u00c9s per aix\u00f2 que hem vist com molts patis estan canviant el seu aspecte, introduint-hi mobiliari, jardineres, pintura al terra, jocs&#8230;<\/p>\n<p>Una de les activitats per aquesta transformaci\u00f3 del temps d\u2019esbarjo, m\u00e9s f\u00e0cils de realitzar, \u00e9s obrir la biblioteca i convidar a l\u2019alumnat a anar-hi a llegir i a agafar llibres en pr\u00e9stec.<\/p>\n<p>A l\u2019escola Ignasi Iglesias la biblioteca s\u2019obre dos cops per setmana a l\u2019hora del pati i s\u00f3n els alumnes de Cicle Superior els qui m\u00e9s la fan servir en aquest horari. Alguns porten els deures, d&#8217;altres miren aquells llibres que, per les seves caracter\u00edstiques especials, no est\u00e0 perm\u00e8s treure de la biblioteca, o tornen llibres en pr\u00e9stec i n&#8217;agafen d&#8217;altres&#8230;<\/p>\n<p><em>Pepa D\u00edaz, Montse Roca<\/em><\/p>\n<p><a href=\"https:\/\/agora.xtec.cat\/ceip-ignasiiglesias-cornella\/wp-content\/uploads\/usu1592\/2020\/01\/IMG-20200116-WA0007.jpg\"><img loading=\"lazy\" decoding=\"async\" class=\"alignnone size-large wp-image-3951\" src=\"https:\/\/agora.xtec.cat\/ceip-ignasiiglesias-cornella\/wp-content\/uploads\/usu1592\/2020\/01\/IMG-20200116-WA0007-768x1024.jpg\" alt=\"\" width=\"768\" height=\"1024\" \/><\/a> <a href=\"https:\/\/agora.xtec.cat\/ceip-ignasiiglesias-cornella\/wp-content\/uploads\/usu1592\/2020\/01\/IMG-20200116-WA0003.jpg\"><img loading=\"lazy\" decoding=\"async\" class=\"alignnone size-large wp-image-3950\" src=\"https:\/\/agora.xtec.cat\/ceip-ignasiiglesias-cornella\/wp-content\/uploads\/usu1592\/2020\/01\/IMG-20200116-WA0003-768x1024.jpg\" alt=\"\" width=\"768\" height=\"1024\" \/><\/a> <a href=\"https:\/\/agora.xtec.cat\/ceip-ignasiiglesias-cornella\/wp-content\/uploads\/usu1592\/2020\/01\/IMG-20200116-WA0008.jpg\"><img loading=\"lazy\" decoding=\"async\" class=\"alignnone size-large wp-image-3949\" src=\"https:\/\/agora.xtec.cat\/ceip-ignasiiglesias-cornella\/wp-content\/uploads\/usu1592\/2020\/01\/IMG-20200116-WA0008-768x1024.jpg\" alt=\"\" width=\"768\" height=\"1024\" \/><\/a><\/p>\n<p>&nbsp;<\/p>\n<p>&nbsp;<\/p>\n","protected":false},"excerpt":{"rendered":"<p>Al llarg dels darrers anys hem sentit parlar de la transformaci\u00f3 dels patis escolars, en un intent de donar alternativa al futbol a l\u2019hora de l\u2019esbarjo i de recuperar jocs tradicionals o fomentar la m\u00fasica o el ball. \u00c9s per aix\u00f2 que hem vist com&hellip;  <a href=\"https:\/\/agora.xtec.cat\/ceip-ignasiiglesias-cornella\/portada\/la-bibliopati-a-lignasi-iglesias\/\" title=\"Read La Bibliopati a l\u2019Ignasi Iglesias\">Llegeix m\u00e9s\u00bb<\/a><\/p>\n","protected":false},"author":52,"featured_media":1270,"comment_status":"open","ping_status":"closed","sticky":false,"template":"","format":"standard","meta":{"_bbp_topic_count":0,"_bbp_reply_count":0,"_bbp_total_topic_count":0,"_bbp_total_reply_count":0,"_bbp_voice_count":0,"_bbp_anonymous_reply_count":0,"_bbp_topic_count_hidden":0,"_bbp_reply_count_hidden":0,"_bbp_forum_subforum_count":0,"footnotes":""},"categories":[10,12,14,4],"tags":[90,706,162],"class_list":["post-3948","post","type-post","status-publish","format-standard","has-post-thumbnail","hentry","category-cicle-inicial","category-cicle-mitja","category-cicle-superior","category-portada","tag-biblioteca","tag-esbarjo","tag-pati"],"post_mailing_queue_ids":[],"_links":{"self":[{"href":"https:\/\/agora.xtec.cat\/ceip-ignasiiglesias-cornella\/wp-json\/wp\/v2\/posts\/3948","targetHints":{"allow":["GET"]}}],"collection":[{"href":"https:\/\/agora.xtec.cat\/ceip-ignasiiglesias-cornella\/wp-json\/wp\/v2\/posts"}],"about":[{"href":"https:\/\/agora.xtec.cat\/ceip-ignasiiglesias-cornella\/wp-json\/wp\/v2\/types\/post"}],"author":[{"embeddable":true,"href":"https:\/\/agora.xtec.cat\/ceip-ignasiiglesias-cornella\/wp-json\/wp\/v2\/users\/52"}],"replies":[{"embeddable":true,"href":"https:\/\/agora.xtec.cat\/ceip-ignasiiglesias-cornella\/wp-json\/wp\/v2\/comments?post=3948"}],"version-history":[{"count":2,"href":"https:\/\/agora.xtec.cat\/ceip-ignasiiglesias-cornella\/wp-json\/wp\/v2\/posts\/3948\/revisions"}],"predecessor-version":[{"id":3953,"href":"https:\/\/agora.xtec.cat\/ceip-ignasiiglesias-cornella\/wp-json\/wp\/v2\/posts\/3948\/revisions\/3953"}],"wp:featuredmedia":[{"embeddable":true,"href":"https:\/\/agora.xtec.cat\/ceip-ignasiiglesias-cornella\/wp-json\/wp\/v2\/media\/1270"}],"wp:attachment":[{"href":"https:\/\/agora.xtec.cat\/ceip-ignasiiglesias-cornella\/wp-json\/wp\/v2\/media?parent=3948"}],"wp:term":[{"taxonomy":"category","embeddable":true,"href":"https:\/\/agora.xtec.cat\/ceip-ignasiiglesias-cornella\/wp-json\/wp\/v2\/categories?post=3948"},{"taxonomy":"post_tag","embeddable":true,"href":"https:\/\/agora.xtec.cat\/ceip-ignasiiglesias-cornella\/wp-json\/wp\/v2\/tags?post=3948"}],"curies":[{"name":"wp","href":"https:\/\/api.w.org\/{rel}","templated":true}]}}