{"id":3944,"date":"2020-02-17T19:40:07","date_gmt":"2020-02-17T18:40:07","guid":{"rendered":"http:\/\/agora.xtec.cat\/ceip-ignasiiglesias-cornella\/?p=3944"},"modified":"2020-02-17T19:48:48","modified_gmt":"2020-02-17T18:48:48","slug":"taller-princesa-pau","status":"publish","type":"post","link":"https:\/\/agora.xtec.cat\/ceip-ignasiiglesias-cornella\/primaria\/taller-princesa-pau\/","title":{"rendered":"TALLER PRINCESA PAU"},"content":{"rendered":"<p>ELS NENS I NENES DE PRIMER VAM FER UN TALLER DE LES VOLUNT\u00c0RIES DE LA CREU ROJA SOBRE LA PRINCESA PAU. VAM APRENDRE LA DEFINICI\u00d3 DE PAU I LA IMPORT\u00c0NCIA DE POSAR-LA EN PR\u00c0CTICA EN EL NOSTRE DIA A DIA.<\/p>\n<p><a href=\"https:\/\/agora.xtec.cat\/ceip-ignasiiglesias-cornella\/fotos\/cicle-inicial-2019-2020\/\"><img loading=\"lazy\" decoding=\"async\" class=\"alignnone wp-image-3945\" src=\"https:\/\/agora.xtec.cat\/ceip-ignasiiglesias-cornella\/wp-content\/uploads\/usu1592\/2020\/01\/paz-ninos.jpg\" alt=\"\" width=\"656\" height=\"529\" srcset=\"https:\/\/agora.xtec.cat\/ceip-ignasiiglesias-cornella\/wp-content\/uploads\/usu1592\/2020\/01\/paz-ninos.jpg 768w, https:\/\/agora.xtec.cat\/ceip-ignasiiglesias-cornella\/wp-content\/uploads\/usu1592\/2020\/01\/paz-ninos-300x242.jpg 300w\" sizes=\"auto, (max-width: 656px) 100vw, 656px\" \/><\/a><\/p>\n","protected":false},"excerpt":{"rendered":"<p>ELS NENS I NENES DE PRIMER VAM FER UN TALLER DE LES VOLUNT\u00c0RIES DE LA CREU ROJA SOBRE LA PRINCESA PAU. VAM APRENDRE LA DEFINICI\u00d3 DE PAU I LA IMPORT\u00c0NCIA DE POSAR-LA EN PR\u00c0CTICA EN EL NOSTRE DIA A DIA.<br \/>\n<a href=\"https:\/\/agora.xtec.cat\/ceip-ignasiiglesias-cornella\/fotos\/cicle-inicial-2019-2020\/\"><\/a><\/p>\n","protected":false},"author":1,"featured_media":3945,"comment_status":"open","ping_status":"closed","sticky":false,"template":"","format":"standard","meta":{"_bbp_topic_count":0,"_bbp_reply_count":0,"_bbp_total_topic_count":0,"_bbp_total_reply_count":0,"_bbp_voice_count":0,"_bbp_anonymous_reply_count":0,"_bbp_topic_count_hidden":0,"_bbp_reply_count_hidden":0,"_bbp_forum_subforum_count":0,"footnotes":""},"categories":[10,5],"tags":[137,705,704,138,320],"class_list":["post-3944","post","type-post","status-publish","format-standard","has-post-thumbnail","hentry","category-cicle-inicial","category-primaria","tag-cicle-inicial","tag-creu-roja","tag-pau","tag-primer","tag-taller"],"post_mailing_queue_ids":[],"_links":{"self":[{"href":"https:\/\/agora.xtec.cat\/ceip-ignasiiglesias-cornella\/wp-json\/wp\/v2\/posts\/3944","targetHints":{"allow":["GET"]}}],"collection":[{"href":"https:\/\/agora.xtec.cat\/ceip-ignasiiglesias-cornella\/wp-json\/wp\/v2\/posts"}],"about":[{"href":"https:\/\/agora.xtec.cat\/ceip-ignasiiglesias-cornella\/wp-json\/wp\/v2\/types\/post"}],"author":[{"embeddable":true,"href":"https:\/\/agora.xtec.cat\/ceip-ignasiiglesias-cornella\/wp-json\/wp\/v2\/users\/1"}],"replies":[{"embeddable":true,"href":"https:\/\/agora.xtec.cat\/ceip-ignasiiglesias-cornella\/wp-json\/wp\/v2\/comments?post=3944"}],"version-history":[{"count":2,"href":"https:\/\/agora.xtec.cat\/ceip-ignasiiglesias-cornella\/wp-json\/wp\/v2\/posts\/3944\/revisions"}],"predecessor-version":[{"id":3972,"href":"https:\/\/agora.xtec.cat\/ceip-ignasiiglesias-cornella\/wp-json\/wp\/v2\/posts\/3944\/revisions\/3972"}],"wp:featuredmedia":[{"embeddable":true,"href":"https:\/\/agora.xtec.cat\/ceip-ignasiiglesias-cornella\/wp-json\/wp\/v2\/media\/3945"}],"wp:attachment":[{"href":"https:\/\/agora.xtec.cat\/ceip-ignasiiglesias-cornella\/wp-json\/wp\/v2\/media?parent=3944"}],"wp:term":[{"taxonomy":"category","embeddable":true,"href":"https:\/\/agora.xtec.cat\/ceip-ignasiiglesias-cornella\/wp-json\/wp\/v2\/categories?post=3944"},{"taxonomy":"post_tag","embeddable":true,"href":"https:\/\/agora.xtec.cat\/ceip-ignasiiglesias-cornella\/wp-json\/wp\/v2\/tags?post=3944"}],"curies":[{"name":"wp","href":"https:\/\/api.w.org\/{rel}","templated":true}]}}