{"id":3861,"date":"2020-01-12T20:45:41","date_gmt":"2020-01-12T19:45:41","guid":{"rendered":"http:\/\/agora.xtec.cat\/ceip-ignasiiglesias-cornella\/?p=3861"},"modified":"2020-01-12T20:45:41","modified_gmt":"2020-01-12T19:45:41","slug":"comissio-sostenibilitat-resum-1r-trimestre","status":"publish","type":"post","link":"https:\/\/agora.xtec.cat\/ceip-ignasiiglesias-cornella\/general\/comissio-sostenibilitat-resum-1r-trimestre\/","title":{"rendered":"Comissi\u00f3 sostenibilitat &#8211; Resum 1r Trimestre"},"content":{"rendered":"<p><a href=\"http:\/\/agora.xtec.cat\/ceip-ignasiiglesias-cornella\/fotos\/cicle-superior-2019-2020\/attachment\/escolessostenibilitat\/\" rel=\"attachment wp-att-3777\"><img loading=\"lazy\" decoding=\"async\" class=\"alignleft size-full wp-image-3777\" src=\"https:\/\/agora.xtec.cat\/ceip-ignasiiglesias-cornella\/wp-content\/uploads\/usu1592\/2019\/11\/escolessostenibilitat.jpg\" alt=\"\" width=\"291\" height=\"159\" \/><\/a>Bon dia i bon any!<\/p>\n<p>Des de la comissi\u00f3 de sostenibilitat de l\u2019Escola, ens agradaria desitjar que totes les fam\u00edlies tinguin un bon any 2020, any molt important per aquesta comissi\u00f3 ja que des de organitzacions mundials es donar\u00e0 molta import\u00e0ncia a tot all`per preservar el nostre planeta i fomentar\u00e0 activitats perqu\u00e8 tothom prengui consci\u00e8ncia del que passa realment on vivim.<\/p>\n<p>Ha estat un primer trimestre, on no s\u2019ha parat de treballar a l\u2019Escola i s\u2019ha rebut una molt bona acollida per part de les fam\u00edlies ja que la cooperaci\u00f3 Escola \u2013 Fam\u00edlia ha sigut molt bona, per aix\u00f2 us agra\u00efm tota col\u00b7laboraci\u00f3 que heu fet per petita que sigui.<\/p>\n<p>En aquest article us esmentarem quines han sigut les actuacions per part de la comissi\u00f3 de sostenibilitat a l\u2019Escola durant aquest primer trimestre. N&#8217;hi ha de molts, per\u00f2 aqu\u00ed volem destacar aquests tres punts:<\/p>\n<ul>\n<li>L\u2019Escola Ignasi Iglesias ha sigut guardonada amb el <strong>diploma d\u2019Escola Verda<\/strong> que reben totes les escoles que tenen un projecte de sostenibilitat i la porten a terme. Aquest premi el vam rebre a la Biblioteca de Sant Ildefons. Va anar una petita comitiva a recollir aquest reconeixement i vam fer part\u00edcips a l&#8217;escola, ja que ha sigut una feina d\u2019 equip , de l\u2019escola amb les seves fam\u00edlies.<\/li>\n<li>L\u2019<strong>Estalvi<\/strong> <strong>Energ\u00e8tic<\/strong> \u00e9s un dels punts que des de la comissi\u00f3 volem conscienciar a l\u2019alumnat, ja que amb un petit gest es pot estalviar molt. Les actuacions que es van a dur a terme, van ser relacionades amb el bon \u00fas de l\u2019energia. Cada curs va fer diferents activitat i un cop es van acabar aquestes, es va crear un mural per poder compartir amb les altres classes all\u00f2 que es va aprendre i aix\u00ed enriquir m\u00e9s el coneixement sobre com estalviar energia.<\/li>\n<li>La <strong>recollida de roba<\/strong> aquest any a l\u2019escola a sigut un \u00e8xit. Volem agrair a totes les fam\u00edlies que van participar en la donaci\u00f3 de roba i encoratjar a les fam\u00edlies que no van poder fer-ho, que ho facin a les properes recollides. \u00c9s una molt bona iniciativa i ens ajuda realment a valorar el que no fem servir perqu\u00e8 \u00e9s molt \u00fatil per a les persones que tenen menys recursos.<\/li>\n<\/ul>\n<p>Fins aqu\u00ed el breu resum de tot el que hem anat fent aquest primer trimestre.<\/p>\n<p>Moltes gr\u00e0cies a tots per la col\u00b7laboraci\u00f3,<\/p>\n<p>Comissi\u00f3 Sostenibilitat, Escola Ignasi Iglesias.<\/p>\n<p>&nbsp;<\/p>\n","protected":false},"excerpt":{"rendered":"<p><a href=\"http:\/\/agora.xtec.cat\/ceip-ignasiiglesias-cornella\/fotos\/cicle-superior-2019-2020\/attachment\/escolessostenibilitat\/\" rel=\"attachment wp-att-3777\"><\/a>Bon dia i bon any!<br \/>\nDes de la comissi\u00f3 de sostenibilitat de l\u2019Escola, ens agradaria desitjar que totes les fam\u00edlies tinguin un bon any 2020, any molt important per aquesta comissi\u00f3 ja que des de organitzacions mundials es donar\u00e0 molta import\u00e0ncia a tot&hellip;  <a href=\"https:\/\/agora.xtec.cat\/ceip-ignasiiglesias-cornella\/general\/comissio-sostenibilitat-resum-1r-trimestre\/\" title=\"Read Comissi\u00f3 sostenibilitat &#8211; Resum 1r Trimestre\">Llegeix m\u00e9s\u00bb<\/a><\/p>\n","protected":false},"author":4,"featured_media":3777,"comment_status":"open","ping_status":"closed","sticky":false,"template":"","format":"standard","meta":{"_bbp_topic_count":0,"_bbp_reply_count":0,"_bbp_total_topic_count":0,"_bbp_total_reply_count":0,"_bbp_voice_count":0,"_bbp_anonymous_reply_count":0,"_bbp_topic_count_hidden":0,"_bbp_reply_count_hidden":0,"_bbp_forum_subforum_count":0,"footnotes":""},"categories":[1,2,5],"tags":[698,230,222],"class_list":["post-3861","post","type-post","status-publish","format-standard","has-post-thumbnail","hentry","category-general","category-infantil","category-primaria","tag-comissio","tag-escola-verda","tag-sostenibilitat"],"post_mailing_queue_ids":[],"_links":{"self":[{"href":"https:\/\/agora.xtec.cat\/ceip-ignasiiglesias-cornella\/wp-json\/wp\/v2\/posts\/3861","targetHints":{"allow":["GET"]}}],"collection":[{"href":"https:\/\/agora.xtec.cat\/ceip-ignasiiglesias-cornella\/wp-json\/wp\/v2\/posts"}],"about":[{"href":"https:\/\/agora.xtec.cat\/ceip-ignasiiglesias-cornella\/wp-json\/wp\/v2\/types\/post"}],"author":[{"embeddable":true,"href":"https:\/\/agora.xtec.cat\/ceip-ignasiiglesias-cornella\/wp-json\/wp\/v2\/users\/4"}],"replies":[{"embeddable":true,"href":"https:\/\/agora.xtec.cat\/ceip-ignasiiglesias-cornella\/wp-json\/wp\/v2\/comments?post=3861"}],"version-history":[{"count":2,"href":"https:\/\/agora.xtec.cat\/ceip-ignasiiglesias-cornella\/wp-json\/wp\/v2\/posts\/3861\/revisions"}],"predecessor-version":[{"id":3893,"href":"https:\/\/agora.xtec.cat\/ceip-ignasiiglesias-cornella\/wp-json\/wp\/v2\/posts\/3861\/revisions\/3893"}],"wp:featuredmedia":[{"embeddable":true,"href":"https:\/\/agora.xtec.cat\/ceip-ignasiiglesias-cornella\/wp-json\/wp\/v2\/media\/3777"}],"wp:attachment":[{"href":"https:\/\/agora.xtec.cat\/ceip-ignasiiglesias-cornella\/wp-json\/wp\/v2\/media?parent=3861"}],"wp:term":[{"taxonomy":"category","embeddable":true,"href":"https:\/\/agora.xtec.cat\/ceip-ignasiiglesias-cornella\/wp-json\/wp\/v2\/categories?post=3861"},{"taxonomy":"post_tag","embeddable":true,"href":"https:\/\/agora.xtec.cat\/ceip-ignasiiglesias-cornella\/wp-json\/wp\/v2\/tags?post=3861"}],"curies":[{"name":"wp","href":"https:\/\/api.w.org\/{rel}","templated":true}]}}