{"id":3832,"date":"2020-01-12T20:32:02","date_gmt":"2020-01-12T19:32:02","guid":{"rendered":"http:\/\/agora.xtec.cat\/ceip-ignasiiglesias-cornella\/?p=3832"},"modified":"2020-01-12T20:33:16","modified_gmt":"2020-01-12T19:33:16","slug":"ci-lhivern-magic","status":"publish","type":"post","link":"https:\/\/agora.xtec.cat\/ceip-ignasiiglesias-cornella\/general\/ci-lhivern-magic\/","title":{"rendered":"CI L&#8217;hivern m\u00e0gic"},"content":{"rendered":"<p>Ara que tot just arriba l&#8217;hivern els nens\u00a0 i les nenes de cicle inicial hem gaudit plegats de molts moments m\u00e0gics. A continuaci\u00f3n us detallem i us afegim el plec de fotograf\u00edes que que hem anat recollint.<\/p>\n<ul>\n<li><strong>El Ti\u00f3:<\/strong> Una tarda els nens i nenes de segon vam rebre una carta demanant ajuda: era el Ti\u00f3. Havia arribat al pati i estava perdut. Vam baixar a buscar-ho i l&#8217;hem donat de menjar i de tant menjar ens ha cagat uns regals molt bonics. <span style=\"float: none; background-color: #ffffff; color: #222222; cursor: text; direction: ltr; font-family: 'Helvetica Neue','Helvetica',Helvetica,Arial,sans-serif; font-size: 16px; font-style: normal; font-variant: normal; font-weight: 400; letter-spacing: normal; text-align: left; text-decoration: none; text-indent: 0px; text-transform: none;\">Podeu veure totes les fotos clicant a la seg\u00fcent foto.<\/span><a href=\"https:\/\/agora.xtec.cat\/ceip-ignasiiglesias-cornella\/fotos\/cicle-inicial-2019-2020\/\"><img loading=\"lazy\" decoding=\"async\" class=\"aligncenter size-medium wp-image-2515\" src=\"https:\/\/agora.xtec.cat\/ceip-ignasiiglesias-cornella\/wp-content\/uploads\/usu1592\/2018\/12\/Ti\u00f3-300x225.jpg\" alt=\"\" width=\"300\" height=\"225\" srcset=\"https:\/\/agora.xtec.cat\/ceip-ignasiiglesias-cornella\/wp-content\/uploads\/usu1592\/2018\/12\/Ti\u00f3-300x225.jpg 300w, https:\/\/agora.xtec.cat\/ceip-ignasiiglesias-cornella\/wp-content\/uploads\/usu1592\/2018\/12\/Ti\u00f3-200x150.jpg 200w, https:\/\/agora.xtec.cat\/ceip-ignasiiglesias-cornella\/wp-content\/uploads\/usu1592\/2018\/12\/Ti\u00f3.jpg 600w\" sizes=\"auto, (max-width: 300px) 100vw, 300px\" \/><\/a><\/li>\n<li>\u00a0<b>Berenar de padrins i fillols<\/b>: Els padrins i fillols vam compartir una tarda on vam berenar plegats i vam intercanviar unes postals molt especials. Podeu veure totes les fotos clicant a la seg\u00fcent foto.<a href=\"https:\/\/agora.xtec.cat\/ceip-ignasiiglesias-cornella\/fotos\/cicle-inicial-2019-2020\/\"><img loading=\"lazy\" decoding=\"async\" class=\"aligncenter size-medium wp-image-3833\" src=\"https:\/\/agora.xtec.cat\/ceip-ignasiiglesias-cornella\/wp-content\/uploads\/usu1592\/2019\/12\/torrons-300x201.jpg\" alt=\"\" width=\"300\" height=\"201\" srcset=\"https:\/\/agora.xtec.cat\/ceip-ignasiiglesias-cornella\/wp-content\/uploads\/usu1592\/2019\/12\/torrons-300x201.jpg 300w, https:\/\/agora.xtec.cat\/ceip-ignasiiglesias-cornella\/wp-content\/uploads\/usu1592\/2019\/12\/torrons-768x514.jpg 768w, https:\/\/agora.xtec.cat\/ceip-ignasiiglesias-cornella\/wp-content\/uploads\/usu1592\/2019\/12\/torrons.jpg 1023w\" sizes=\"auto, (max-width: 300px) 100vw, 300px\" \/><\/a><\/li>\n<li><strong>\u00a0Visita de la fada Ondina<\/strong>: Com va sent costum la Fada Ondina ens ha vingut a visitar i ens ha explicat el munt d&#8217;activitats que ens ha preparat per aquestes vacances el Mag Maginet. Al final vam cantar la can\u00e7\u00f3 plegats Desperta Maginet (clickeu <a href=\"https:\/\/binged.it\/2sI64oM\">aqu\u00ed<\/a> per si la voleu escoltar). Podeu veure totes les fotos clicant a la seg\u00fcent foto.<a href=\"https:\/\/agora.xtec.cat\/ceip-ignasiiglesias-cornella\/fotos\/cicle-inicial-2019-2020\/\"><img loading=\"lazy\" decoding=\"async\" class=\"aligncenter size-full wp-image-3834\" src=\"https:\/\/agora.xtec.cat\/ceip-ignasiiglesias-cornella\/wp-content\/uploads\/usu1592\/2019\/12\/fada-ondina.jpg\" alt=\"\" width=\"259\" height=\"194\" srcset=\"https:\/\/agora.xtec.cat\/ceip-ignasiiglesias-cornella\/wp-content\/uploads\/usu1592\/2019\/12\/fada-ondina.jpg 259w, https:\/\/agora.xtec.cat\/ceip-ignasiiglesias-cornella\/wp-content\/uploads\/usu1592\/2019\/12\/fada-ondina-200x150.jpg 200w\" sizes=\"auto, (max-width: 259px) 100vw, 259px\" \/><\/a><\/li>\n<\/ul>\n","protected":false},"excerpt":{"rendered":"<p>Ara que tot just arriba l&#8217;hivern els nens\u00a0 i les nenes de cicle inicial hem gaudit plegats de molts moments m\u00e0gics. A continuaci\u00f3n us detallem i us afegim el plec de fotograf\u00edes que que hem anat recollint.<\/p>\n<ul>\n<li>El Ti\u00f3: Una tarda els nens i nenes de&hellip;  <a href=\"https:\/\/agora.xtec.cat\/ceip-ignasiiglesias-cornella\/general\/ci-lhivern-magic\/\" title=\"Read CI L&#8217;hivern m\u00e0gic\">Llegeix m\u00e9s\u00bb<\/a><br \/>\n","protected":false},"author":1,"featured_media":3775,"comment_status":"open","ping_status":"closed","sticky":false,"template":"","format":"standard","meta":{"_bbp_topic_count":0,"_bbp_reply_count":0,"_bbp_total_topic_count":0,"_bbp_total_reply_count":0,"_bbp_voice_count":0,"_bbp_anonymous_reply_count":0,"_bbp_topic_count_hidden":0,"_bbp_reply_count_hidden":0,"_bbp_forum_subforum_count":0,"footnotes":""},"categories":[10,1,5],"tags":[695,182,200,696],"class_list":["post-3832","post","type-post","status-publish","format-standard","has-post-thumbnail","hentry","category-cicle-inicial","category-general","category-primaria","tag-berenar","tag-fada-ondina","tag-hivern","tag-reis-dorient"],"post_mailing_queue_ids":[],"_links":{"self":[{"href":"https:\/\/agora.xtec.cat\/ceip-ignasiiglesias-cornella\/wp-json\/wp\/v2\/posts\/3832","targetHints":{"allow":["GET"]}}],"collection":[{"href":"https:\/\/agora.xtec.cat\/ceip-ignasiiglesias-cornella\/wp-json\/wp\/v2\/posts"}],"about":[{"href":"https:\/\/agora.xtec.cat\/ceip-ignasiiglesias-cornella\/wp-json\/wp\/v2\/types\/post"}],"author":[{"embeddable":true,"href":"https:\/\/agora.xtec.cat\/ceip-ignasiiglesias-cornella\/wp-json\/wp\/v2\/users\/1"}],"replies":[{"embeddable":true,"href":"https:\/\/agora.xtec.cat\/ceip-ignasiiglesias-cornella\/wp-json\/wp\/v2\/comments?post=3832"}],"version-history":[{"count":3,"href":"https:\/\/agora.xtec.cat\/ceip-ignasiiglesias-cornella\/wp-json\/wp\/v2\/posts\/3832\/revisions"}],"predecessor-version":[{"id":3888,"href":"https:\/\/agora.xtec.cat\/ceip-ignasiiglesias-cornella\/wp-json\/wp\/v2\/posts\/3832\/revisions\/3888"}],"wp:featuredmedia":[{"embeddable":true,"href":"https:\/\/agora.xtec.cat\/ceip-ignasiiglesias-cornella\/wp-json\/wp\/v2\/media\/3775"}],"wp:attachment":[{"href":"https:\/\/agora.xtec.cat\/ceip-ignasiiglesias-cornella\/wp-json\/wp\/v2\/media?parent=3832"}],"wp:term":[{"taxonomy":"category","embeddable":true,"href":"https:\/\/agora.xtec.cat\/ceip-ignasiiglesias-cornella\/wp-json\/wp\/v2\/categories?post=3832"},{"taxonomy":"post_tag","embeddable":true,"href":"https:\/\/agora.xtec.cat\/ceip-ignasiiglesias-cornella\/wp-json\/wp\/v2\/tags?post=3832"}],"curies":[{"name":"wp","href":"https:\/\/api.w.org\/{rel}","templated":true}]}}