{"id":3808,"date":"2019-12-02T23:05:49","date_gmt":"2019-12-02T22:05:49","guid":{"rendered":"http:\/\/agora.xtec.cat\/ceip-ignasiiglesias-cornella\/?p=3808"},"modified":"2019-12-02T23:05:49","modified_gmt":"2019-12-02T22:05:49","slug":"concert-de-nadal","status":"publish","type":"post","link":"https:\/\/agora.xtec.cat\/ceip-ignasiiglesias-cornella\/primaria\/cicle-superior\/concert-de-nadal\/","title":{"rendered":"Concert de Nadal"},"content":{"rendered":"<p>Ja s&#8217; acosta el concert de Nadal i cal anar practicant les can\u00e7ons aquests darrers dies!.<\/p>\n<p>Alumnes de 6\u00e8, s\u00e9 que la vostra can\u00e7\u00f3 \u00e9s dif\u00edcil de trobar a internet en una bona versi\u00f3, aix\u00ed que us poso aqu\u00ed un enlla\u00e7 per poder escoltar-la. Cliqueu <a href=\"https:\/\/drive.google.com\/file\/d\/14fGEDVsrYAGUMf_YHaelYGZqWIUlNiGY\/view?usp=sharing\">AQU\u00cd<\/a><\/p>\n<p>&nbsp;<\/p>\n","protected":false},"excerpt":{"rendered":"<p>Ja s&#8217; acosta el concert de Nadal i cal anar practicant les can\u00e7ons aquests darrers dies!.<br \/>\nAlumnes de 6\u00e8, s\u00e9 que la vostra can\u00e7\u00f3 \u00e9s dif\u00edcil de trobar a internet en una bona versi\u00f3, aix\u00ed que us poso aqu\u00ed un enlla\u00e7 per poder escoltar-la. Cliqueu <a&hellip;  <a href=\"https:\/\/agora.xtec.cat\/ceip-ignasiiglesias-cornella\/primaria\/cicle-superior\/concert-de-nadal\/\" title=\"Read Concert de Nadal\">Llegeix m\u00e9s\u00bb<\/a><\/p>\n","protected":false},"author":4,"featured_media":0,"comment_status":"open","ping_status":"closed","sticky":false,"template":"","format":"standard","meta":{"_bbp_topic_count":0,"_bbp_reply_count":0,"_bbp_total_topic_count":0,"_bbp_total_reply_count":0,"_bbp_voice_count":0,"_bbp_anonymous_reply_count":0,"_bbp_topic_count_hidden":0,"_bbp_reply_count_hidden":0,"_bbp_forum_subforum_count":0,"footnotes":""},"categories":[14,72],"tags":[690],"class_list":["post-3808","post","type-post","status-publish","format-standard","hentry","category-cicle-superior","category-musica","tag-el-temps-que-hem-passat-junts"],"post_mailing_queue_ids":[],"_links":{"self":[{"href":"https:\/\/agora.xtec.cat\/ceip-ignasiiglesias-cornella\/wp-json\/wp\/v2\/posts\/3808","targetHints":{"allow":["GET"]}}],"collection":[{"href":"https:\/\/agora.xtec.cat\/ceip-ignasiiglesias-cornella\/wp-json\/wp\/v2\/posts"}],"about":[{"href":"https:\/\/agora.xtec.cat\/ceip-ignasiiglesias-cornella\/wp-json\/wp\/v2\/types\/post"}],"author":[{"embeddable":true,"href":"https:\/\/agora.xtec.cat\/ceip-ignasiiglesias-cornella\/wp-json\/wp\/v2\/users\/4"}],"replies":[{"embeddable":true,"href":"https:\/\/agora.xtec.cat\/ceip-ignasiiglesias-cornella\/wp-json\/wp\/v2\/comments?post=3808"}],"version-history":[{"count":1,"href":"https:\/\/agora.xtec.cat\/ceip-ignasiiglesias-cornella\/wp-json\/wp\/v2\/posts\/3808\/revisions"}],"predecessor-version":[{"id":3809,"href":"https:\/\/agora.xtec.cat\/ceip-ignasiiglesias-cornella\/wp-json\/wp\/v2\/posts\/3808\/revisions\/3809"}],"wp:attachment":[{"href":"https:\/\/agora.xtec.cat\/ceip-ignasiiglesias-cornella\/wp-json\/wp\/v2\/media?parent=3808"}],"wp:term":[{"taxonomy":"category","embeddable":true,"href":"https:\/\/agora.xtec.cat\/ceip-ignasiiglesias-cornella\/wp-json\/wp\/v2\/categories?post=3808"},{"taxonomy":"post_tag","embeddable":true,"href":"https:\/\/agora.xtec.cat\/ceip-ignasiiglesias-cornella\/wp-json\/wp\/v2\/tags?post=3808"}],"curies":[{"name":"wp","href":"https:\/\/api.w.org\/{rel}","templated":true}]}}