{"id":3805,"date":"2019-12-02T23:09:06","date_gmt":"2019-12-02T22:09:06","guid":{"rendered":"http:\/\/agora.xtec.cat\/ceip-ignasiiglesias-cornella\/?p=3805"},"modified":"2019-12-02T23:09:06","modified_gmt":"2019-12-02T22:09:06","slug":"4t-visita-al-museu-textil-de-terrassa","status":"publish","type":"post","link":"https:\/\/agora.xtec.cat\/ceip-ignasiiglesias-cornella\/portada\/4t-visita-al-museu-textil-de-terrassa\/","title":{"rendered":"4t. Visita al Museu t\u00e8xtil de Terrassa."},"content":{"rendered":"<p>El passat 14 de novembre, v\u00e0rem visitar el museu t\u00e8xtil emmarcat en el projecte de 4t sobre l&#8217;evoluci\u00f3 de la moda al llarg de la hist\u00f2ria.<\/p>\n<p>Vam veure l&#8217;exposici\u00f3 &#8220;Vestits de pel\u00b7l\u00edcula &#8221; i vam participar en un scape room ambientat en diferents \u00e8poques de la hist\u00f2ria.<\/p>\n<p>Lamentablement va fer mal temps i vam\u00a0 haver de tornar havent dinat.\u00a0 Un cop a l&#8217;escola vam fer jocs al pati.<\/p>\n<p><a href=\"https:\/\/agora.xtec.cat\/ceip-ignasiiglesias-cornella\/fotos\/cicle-mitja-2019-2020\/\"><img loading=\"lazy\" decoding=\"async\" class=\"aligncenter wp-image-3806 size-thumbnail\" src=\"https:\/\/agora.xtec.cat\/ceip-ignasiiglesias-cornella\/wp-content\/uploads\/usu1592\/2019\/12\/vestits-150x150.jpg\" alt=\"\" width=\"150\" height=\"150\" \/><\/a><\/p>\n","protected":false},"excerpt":{"rendered":"<p>El passat 14 de novembre, v\u00e0rem visitar el museu t\u00e8xtil emmarcat en el projecte de 4t sobre l&#8217;evoluci\u00f3 de la moda al llarg de la hist\u00f2ria.<br \/>\nVam veure l&#8217;exposici\u00f3 &#8220;Vestits de pel\u00b7l\u00edcula &#8221; i vam participar en un scape room ambientat en diferents \u00e8poques de la&hellip;  <a href=\"https:\/\/agora.xtec.cat\/ceip-ignasiiglesias-cornella\/portada\/4t-visita-al-museu-textil-de-terrassa\/\" title=\"Read 4t. Visita al Museu t\u00e8xtil de Terrassa.\">Llegeix m\u00e9s\u00bb<\/a><\/p>\n","protected":false},"author":48,"featured_media":0,"comment_status":"open","ping_status":"closed","sticky":false,"template":"","format":"standard","meta":{"_bbp_topic_count":0,"_bbp_reply_count":0,"_bbp_total_topic_count":0,"_bbp_total_reply_count":0,"_bbp_voice_count":0,"_bbp_anonymous_reply_count":0,"_bbp_topic_count_hidden":0,"_bbp_reply_count_hidden":0,"_bbp_forum_subforum_count":0,"footnotes":""},"categories":[12,4],"tags":[255,691],"class_list":["post-3805","post","type-post","status-publish","format-standard","hentry","category-cicle-mitja","category-portada","tag-moda","tag-museu-tectil"],"post_mailing_queue_ids":[],"_links":{"self":[{"href":"https:\/\/agora.xtec.cat\/ceip-ignasiiglesias-cornella\/wp-json\/wp\/v2\/posts\/3805","targetHints":{"allow":["GET"]}}],"collection":[{"href":"https:\/\/agora.xtec.cat\/ceip-ignasiiglesias-cornella\/wp-json\/wp\/v2\/posts"}],"about":[{"href":"https:\/\/agora.xtec.cat\/ceip-ignasiiglesias-cornella\/wp-json\/wp\/v2\/types\/post"}],"author":[{"embeddable":true,"href":"https:\/\/agora.xtec.cat\/ceip-ignasiiglesias-cornella\/wp-json\/wp\/v2\/users\/48"}],"replies":[{"embeddable":true,"href":"https:\/\/agora.xtec.cat\/ceip-ignasiiglesias-cornella\/wp-json\/wp\/v2\/comments?post=3805"}],"version-history":[{"count":2,"href":"https:\/\/agora.xtec.cat\/ceip-ignasiiglesias-cornella\/wp-json\/wp\/v2\/posts\/3805\/revisions"}],"predecessor-version":[{"id":3811,"href":"https:\/\/agora.xtec.cat\/ceip-ignasiiglesias-cornella\/wp-json\/wp\/v2\/posts\/3805\/revisions\/3811"}],"wp:attachment":[{"href":"https:\/\/agora.xtec.cat\/ceip-ignasiiglesias-cornella\/wp-json\/wp\/v2\/media?parent=3805"}],"wp:term":[{"taxonomy":"category","embeddable":true,"href":"https:\/\/agora.xtec.cat\/ceip-ignasiiglesias-cornella\/wp-json\/wp\/v2\/categories?post=3805"},{"taxonomy":"post_tag","embeddable":true,"href":"https:\/\/agora.xtec.cat\/ceip-ignasiiglesias-cornella\/wp-json\/wp\/v2\/tags?post=3805"}],"curies":[{"name":"wp","href":"https:\/\/api.w.org\/{rel}","templated":true}]}}