{"id":3792,"date":"2019-11-25T02:40:14","date_gmt":"2019-11-25T01:40:14","guid":{"rendered":"http:\/\/agora.xtec.cat\/ceip-ignasiiglesias-cornella\/?p=3792"},"modified":"2019-11-25T02:42:49","modified_gmt":"2019-11-25T01:42:49","slug":"2n-taller-325","status":"publish","type":"post","link":"https:\/\/agora.xtec.cat\/ceip-ignasiiglesias-cornella\/general\/2n-taller-325\/","title":{"rendered":"2n Taller 3+2=5"},"content":{"rendered":"<p>Els nens i nenes de 2n vam poder gaudir del taller 3+2=5 que t\u00e9<span style=\"float: none; background-color: #ffffff; color: #191919; font-family: 'Soho Gothic W01 Light',sans-serif; font-size: 16px; font-style: normal; font-variant: normal; font-weight: normal; letter-spacing: normal; line-height: 28px; text-align: left; text-decoration: none; text-indent: 0px; text-transform: none;\"> el prop\u00f2sit d\u2019incentivar la millora dels seus h\u00e0bits alimentaris, i de conscienciar-los que les fruites i hortalisses s\u00f3n aliments b\u00e0sics per a una vida saludable. Cal consumir almenys cinc racions di\u00e0ries de fruites i hortalisses per tenir una alimentaci\u00f3 sana i equilibrada.\u00a0<\/span><\/p>\n<p>Cl\u00edqueu a la foto i veureu les activitats i jocs que vam fer!<\/p>\n<p><a href=\"https:\/\/agora.xtec.cat\/ceip-ignasiiglesias-cornella\/fotos\/cicle-inicial-2019-2020\/\"><img loading=\"lazy\" decoding=\"async\" class=\"aligncenter wp-image-3793\" src=\"https:\/\/agora.xtec.cat\/ceip-ignasiiglesias-cornella\/wp-content\/uploads\/usu1592\/2019\/11\/el-valor-de-las-exportaciones-e1452701207487-800x450_NoticiaAmpliada-300x169.jpg\" alt=\"\" width=\"341\" height=\"192\" srcset=\"https:\/\/agora.xtec.cat\/ceip-ignasiiglesias-cornella\/wp-content\/uploads\/usu1592\/2019\/11\/el-valor-de-las-exportaciones-e1452701207487-800x450_NoticiaAmpliada-300x169.jpg 300w, https:\/\/agora.xtec.cat\/ceip-ignasiiglesias-cornella\/wp-content\/uploads\/usu1592\/2019\/11\/el-valor-de-las-exportaciones-e1452701207487-800x450_NoticiaAmpliada.jpg 768w\" sizes=\"auto, (max-width: 341px) 100vw, 341px\" \/><\/a><\/p>\n","protected":false},"excerpt":{"rendered":"<p>Els nens i nenes de 2n vam poder gaudir del taller 3+2=5 que t\u00e9 el prop\u00f2sit d\u2019incentivar la millora dels seus h\u00e0bits alimentaris, i de conscienciar-los que les fruites i hortalisses s\u00f3n aliments b\u00e0sics per a una vida saludable. Cal consumir almenys cinc racions di\u00e0ries&hellip;  <a href=\"https:\/\/agora.xtec.cat\/ceip-ignasiiglesias-cornella\/general\/2n-taller-325\/\" title=\"Read 2n Taller 3+2=5\">Llegeix m\u00e9s\u00bb<\/a><\/p>\n","protected":false},"author":1,"featured_media":3793,"comment_status":"open","ping_status":"closed","sticky":false,"template":"","format":"standard","meta":{"_bbp_topic_count":0,"_bbp_reply_count":0,"_bbp_total_topic_count":0,"_bbp_total_reply_count":0,"_bbp_voice_count":0,"_bbp_anonymous_reply_count":0,"_bbp_topic_count_hidden":0,"_bbp_reply_count_hidden":0,"_bbp_forum_subforum_count":0,"footnotes":""},"categories":[10,1,4,5],"tags":[689,688],"class_list":["post-3792","post","type-post","status-publish","format-standard","has-post-thumbnail","hentry","category-cicle-inicial","category-general","category-portada","category-primaria","tag-689","tag-alimentaciosaludable"],"post_mailing_queue_ids":[],"_links":{"self":[{"href":"https:\/\/agora.xtec.cat\/ceip-ignasiiglesias-cornella\/wp-json\/wp\/v2\/posts\/3792","targetHints":{"allow":["GET"]}}],"collection":[{"href":"https:\/\/agora.xtec.cat\/ceip-ignasiiglesias-cornella\/wp-json\/wp\/v2\/posts"}],"about":[{"href":"https:\/\/agora.xtec.cat\/ceip-ignasiiglesias-cornella\/wp-json\/wp\/v2\/types\/post"}],"author":[{"embeddable":true,"href":"https:\/\/agora.xtec.cat\/ceip-ignasiiglesias-cornella\/wp-json\/wp\/v2\/users\/1"}],"replies":[{"embeddable":true,"href":"https:\/\/agora.xtec.cat\/ceip-ignasiiglesias-cornella\/wp-json\/wp\/v2\/comments?post=3792"}],"version-history":[{"count":3,"href":"https:\/\/agora.xtec.cat\/ceip-ignasiiglesias-cornella\/wp-json\/wp\/v2\/posts\/3792\/revisions"}],"predecessor-version":[{"id":3801,"href":"https:\/\/agora.xtec.cat\/ceip-ignasiiglesias-cornella\/wp-json\/wp\/v2\/posts\/3792\/revisions\/3801"}],"wp:featuredmedia":[{"embeddable":true,"href":"https:\/\/agora.xtec.cat\/ceip-ignasiiglesias-cornella\/wp-json\/wp\/v2\/media\/3793"}],"wp:attachment":[{"href":"https:\/\/agora.xtec.cat\/ceip-ignasiiglesias-cornella\/wp-json\/wp\/v2\/media?parent=3792"}],"wp:term":[{"taxonomy":"category","embeddable":true,"href":"https:\/\/agora.xtec.cat\/ceip-ignasiiglesias-cornella\/wp-json\/wp\/v2\/categories?post=3792"},{"taxonomy":"post_tag","embeddable":true,"href":"https:\/\/agora.xtec.cat\/ceip-ignasiiglesias-cornella\/wp-json\/wp\/v2\/tags?post=3792"}],"curies":[{"name":"wp","href":"https:\/\/api.w.org\/{rel}","templated":true}]}}