{"id":3781,"date":"2019-11-20T20:23:27","date_gmt":"2019-11-20T19:23:27","guid":{"rendered":"http:\/\/agora.xtec.cat\/ceip-ignasiiglesias-cornella\/?p=3781"},"modified":"2019-11-20T20:24:16","modified_gmt":"2019-11-20T19:24:16","slug":"6e-robotica","status":"publish","type":"post","link":"https:\/\/agora.xtec.cat\/ceip-ignasiiglesias-cornella\/portada\/6e-robotica\/","title":{"rendered":"6\u00e8. Rob\u00f2tica"},"content":{"rendered":"<p>Aquestes setmanes els nens i nenes de 6\u00e8 estem fent un taller de rob\u00f2tica. La primera sessi\u00f3 la vam dedicar a realitzar activitats amb les plaques dels robots fant\u00e0stics de l&#8217; Edulab. Les vam estar programant per a escriure-hi missatges, vam fer un compte enrere i tamb\u00e9 vam experimentar amb els diferents sensors com el de llum i el d&#8217; inclinaci\u00f3. El programa que vam utilitzar va ser el microblocks.<\/p>\n<p>A la segona sessi\u00f3 vam realitzar el muntatge del robot fant\u00e0stic. Despr\u00e9s, vam provar de programar la placa per a aconseguir que a trav\u00e9s dels sensors t\u00e0ctils el robot an\u00e9s cap all\u00e0 on nosaltres vol\u00edem.<\/p>\n<p>Ens queda una sessi\u00f3 per finalitzar l&#8217; experi\u00e8ncia amb el suport de l&#8217; equip de l&#8217; Edulab, per\u00f2 ha estat tan enriquidora que segur continuarem experimentant amb tot aquest material.<\/p>\n<p>Anirem actualitzant l&#8217; \u00e0lbum que trobareu a la galeria d&#8217; imatges, entreu a tafanejar!<\/p>\n<p><a href=\"https:\/\/agora.xtec.cat\/ceip-ignasiiglesias-cornella\/fotos\/cicle-superior-2019-2020\/\"><img loading=\"lazy\" decoding=\"async\" class=\"aligncenter wp-image-3769 size-thumbnail\" src=\"https:\/\/agora.xtec.cat\/ceip-ignasiiglesias-cornella\/wp-content\/uploads\/usu1592\/2019\/11\/placa-150x150.png\" alt=\"\" width=\"150\" height=\"150\" \/><\/a><\/p>\n","protected":false},"excerpt":{"rendered":"<p>Aquestes setmanes els nens i nenes de 6\u00e8 estem fent un taller de rob\u00f2tica. La primera sessi\u00f3 la vam dedicar a realitzar activitats amb les plaques dels robots fant\u00e0stics de l&#8217; Edulab. Les vam estar programant per a escriure-hi missatges, vam fer un compte enrere&hellip;  <a href=\"https:\/\/agora.xtec.cat\/ceip-ignasiiglesias-cornella\/portada\/6e-robotica\/\" title=\"Read 6\u00e8. Rob\u00f2tica\">Llegeix m\u00e9s\u00bb<\/a><\/p>\n","protected":false},"author":4,"featured_media":3769,"comment_status":"open","ping_status":"closed","sticky":false,"template":"","format":"standard","meta":{"_bbp_topic_count":0,"_bbp_reply_count":0,"_bbp_total_topic_count":0,"_bbp_total_reply_count":0,"_bbp_voice_count":0,"_bbp_anonymous_reply_count":0,"_bbp_topic_count_hidden":0,"_bbp_reply_count_hidden":0,"_bbp_forum_subforum_count":0,"footnotes":""},"categories":[14,4],"tags":[685,353],"class_list":["post-3781","post","type-post","status-publish","format-standard","has-post-thumbnail","hentry","category-cicle-superior","category-portada","tag-robot","tag-robotica"],"post_mailing_queue_ids":[],"_links":{"self":[{"href":"https:\/\/agora.xtec.cat\/ceip-ignasiiglesias-cornella\/wp-json\/wp\/v2\/posts\/3781","targetHints":{"allow":["GET"]}}],"collection":[{"href":"https:\/\/agora.xtec.cat\/ceip-ignasiiglesias-cornella\/wp-json\/wp\/v2\/posts"}],"about":[{"href":"https:\/\/agora.xtec.cat\/ceip-ignasiiglesias-cornella\/wp-json\/wp\/v2\/types\/post"}],"author":[{"embeddable":true,"href":"https:\/\/agora.xtec.cat\/ceip-ignasiiglesias-cornella\/wp-json\/wp\/v2\/users\/4"}],"replies":[{"embeddable":true,"href":"https:\/\/agora.xtec.cat\/ceip-ignasiiglesias-cornella\/wp-json\/wp\/v2\/comments?post=3781"}],"version-history":[{"count":2,"href":"https:\/\/agora.xtec.cat\/ceip-ignasiiglesias-cornella\/wp-json\/wp\/v2\/posts\/3781\/revisions"}],"predecessor-version":[{"id":3783,"href":"https:\/\/agora.xtec.cat\/ceip-ignasiiglesias-cornella\/wp-json\/wp\/v2\/posts\/3781\/revisions\/3783"}],"wp:featuredmedia":[{"embeddable":true,"href":"https:\/\/agora.xtec.cat\/ceip-ignasiiglesias-cornella\/wp-json\/wp\/v2\/media\/3769"}],"wp:attachment":[{"href":"https:\/\/agora.xtec.cat\/ceip-ignasiiglesias-cornella\/wp-json\/wp\/v2\/media?parent=3781"}],"wp:term":[{"taxonomy":"category","embeddable":true,"href":"https:\/\/agora.xtec.cat\/ceip-ignasiiglesias-cornella\/wp-json\/wp\/v2\/categories?post=3781"},{"taxonomy":"post_tag","embeddable":true,"href":"https:\/\/agora.xtec.cat\/ceip-ignasiiglesias-cornella\/wp-json\/wp\/v2\/tags?post=3781"}],"curies":[{"name":"wp","href":"https:\/\/api.w.org\/{rel}","templated":true}]}}