{"id":3761,"date":"2019-11-20T19:20:04","date_gmt":"2019-11-20T18:20:04","guid":{"rendered":"http:\/\/agora.xtec.cat\/ceip-ignasiiglesias-cornella\/?p=3761"},"modified":"2019-11-20T20:03:00","modified_gmt":"2019-11-20T19:03:00","slug":"6e-les-musiques-del-mon-2","status":"publish","type":"post","link":"https:\/\/agora.xtec.cat\/ceip-ignasiiglesias-cornella\/portada\/6e-les-musiques-del-mon-2\/","title":{"rendered":"6\u00e8 &#8220;Les m\u00fasiques del m\u00f3n&#8221;"},"content":{"rendered":"<p>La sortida d&#8217;avui dilluns ha estat una petita aventura&#8230;primer ens hem despla\u00e7at en tren fins la ciutat de Barcelona. Viatjar amb tren no era una novetat per a tothom, per\u00f2 ens hem hagut d&#8217;organitzar, perqu\u00e8 n&#8217;erem cinquanta&#8230;.<\/p>\n<p>Despr\u00e9s hem anat caminant des de l&#8217;estaci\u00f3 de la pla\u00e7a Catalunya fins al Palau de la M\u00fasica, on hem pogut comprovar que moltes escoles trien aquesta activitat. L&#8217;arquitectura de l&#8217;edifici \u00e9s magn\u00edfica i d&#8217;aire modernista, i alguns i algunes ens hem fixat prou.<\/p>\n<p>Un cop a dins ha comen\u00e7at l&#8217;espectacle: cinc nois a l&#8217;escenari i res m\u00e9s!!!<\/p>\n<p>La seva veu ha estat un instrument que ha copsat tota la nostra atenci\u00f3 i encara que n&#8217;hi havia cares d&#8217;excepticisme, finalment s&#8217;han fet amb el p\u00fablic, nens i nenes com nosaltres, que els hem animat de valent.<\/p>\n<p>Modulant la veu han fet tonades i han simulat instruments. El seu repertori ens ha fet viatjar per diferents cultures i l&#8217;hora se&#8217;ns ha passat volant. La Mireia de m\u00fasica, sap triar molt b\u00e9 &#8220;quina tecla tocar&#8221;, nom\u00e9s \u00e9s que aquesta vegada, no hi havia cap instrument per a escoltar.<\/p>\n<p>En acabar, hem marxat caminant cap a la pla\u00e7a de la Catedral on hem fet una ullada a les portes d&#8217;entrada a l&#8217;antiga ciutat de Barcino, (que estem tractant al nostre projecte), i tamb\u00e9 hem vist les restes de l&#8217;aqueducte que portava l&#8217;aigua a la ciutat romana. Abans de dinar ens hem endinsat al pati interior d&#8217;una finca amagada en un carrer\u00f3 ombr\u00edvol i estret, i all\u00e0 hem vist les monumentals columnes d&#8217;August. A la majoria ens ha impressionat veure-les all\u00e0 davant, imponents i senyorials, altres&#8230;.patiem ja un acc\u00e9s de gana.<\/p>\n<p>Cliqueu la foto per accedir a la galeria d&#8217; imatges<\/p>\n<p><a href=\"https:\/\/agora.xtec.cat\/ceip-ignasiiglesias-cornella\/fotos\/cicle-superior-2019-2020\/\"><br \/>\n<img loading=\"lazy\" decoding=\"async\" class=\"aligncenter wp-image-3763\" src=\"https:\/\/agora.xtec.cat\/ceip-ignasiiglesias-cornella\/wp-content\/uploads\/usu1592\/2019\/11\/columna-august-1024x683.jpg\" alt=\"\" width=\"256\" height=\"170\" srcset=\"https:\/\/agora.xtec.cat\/ceip-ignasiiglesias-cornella\/wp-content\/uploads\/usu1592\/2019\/11\/columna-august.jpg 1024w, https:\/\/agora.xtec.cat\/ceip-ignasiiglesias-cornella\/wp-content\/uploads\/usu1592\/2019\/11\/columna-august-300x200.jpg 300w, https:\/\/agora.xtec.cat\/ceip-ignasiiglesias-cornella\/wp-content\/uploads\/usu1592\/2019\/11\/columna-august-768x512.jpg 768w\" sizes=\"auto, (max-width: 256px) 100vw, 256px\" \/><\/a><\/p>\n<p>&nbsp;<\/p>\n","protected":false},"excerpt":{"rendered":"<p>La sortida d&#8217;avui dilluns ha estat una petita aventura&#8230;primer ens hem despla\u00e7at en tren fins la ciutat de Barcelona. Viatjar amb tren no era una novetat per a tothom, per\u00f2 ens hem hagut d&#8217;organitzar, perqu\u00e8 n&#8217;erem cinquanta&#8230;.<br \/>\nDespr\u00e9s hem anat caminant des de l&#8217;estaci\u00f3 de la&hellip;  <a href=\"https:\/\/agora.xtec.cat\/ceip-ignasiiglesias-cornella\/portada\/6e-les-musiques-del-mon-2\/\" title=\"Read 6\u00e8 &#8220;Les m\u00fasiques del m\u00f3n&#8221;\">Llegeix m\u00e9s\u00bb<\/a><\/p>\n","protected":false},"author":1,"featured_media":3763,"comment_status":"open","ping_status":"closed","sticky":false,"template":"","format":"standard","meta":{"_bbp_topic_count":0,"_bbp_reply_count":0,"_bbp_total_topic_count":0,"_bbp_total_reply_count":0,"_bbp_voice_count":0,"_bbp_anonymous_reply_count":0,"_bbp_topic_count_hidden":0,"_bbp_reply_count_hidden":0,"_bbp_forum_subforum_count":0,"footnotes":""},"categories":[14,4,5],"tags":[684,683,682,681],"class_list":["post-3761","post","type-post","status-publish","format-standard","has-post-thumbnail","hentry","category-cicle-superior","category-portada","category-primaria","tag-august","tag-columna","tag-musiques-mon","tag-palau"],"post_mailing_queue_ids":[],"_links":{"self":[{"href":"https:\/\/agora.xtec.cat\/ceip-ignasiiglesias-cornella\/wp-json\/wp\/v2\/posts\/3761","targetHints":{"allow":["GET"]}}],"collection":[{"href":"https:\/\/agora.xtec.cat\/ceip-ignasiiglesias-cornella\/wp-json\/wp\/v2\/posts"}],"about":[{"href":"https:\/\/agora.xtec.cat\/ceip-ignasiiglesias-cornella\/wp-json\/wp\/v2\/types\/post"}],"author":[{"embeddable":true,"href":"https:\/\/agora.xtec.cat\/ceip-ignasiiglesias-cornella\/wp-json\/wp\/v2\/users\/1"}],"replies":[{"embeddable":true,"href":"https:\/\/agora.xtec.cat\/ceip-ignasiiglesias-cornella\/wp-json\/wp\/v2\/comments?post=3761"}],"version-history":[{"count":3,"href":"https:\/\/agora.xtec.cat\/ceip-ignasiiglesias-cornella\/wp-json\/wp\/v2\/posts\/3761\/revisions"}],"predecessor-version":[{"id":3767,"href":"https:\/\/agora.xtec.cat\/ceip-ignasiiglesias-cornella\/wp-json\/wp\/v2\/posts\/3761\/revisions\/3767"}],"wp:featuredmedia":[{"embeddable":true,"href":"https:\/\/agora.xtec.cat\/ceip-ignasiiglesias-cornella\/wp-json\/wp\/v2\/media\/3763"}],"wp:attachment":[{"href":"https:\/\/agora.xtec.cat\/ceip-ignasiiglesias-cornella\/wp-json\/wp\/v2\/media?parent=3761"}],"wp:term":[{"taxonomy":"category","embeddable":true,"href":"https:\/\/agora.xtec.cat\/ceip-ignasiiglesias-cornella\/wp-json\/wp\/v2\/categories?post=3761"},{"taxonomy":"post_tag","embeddable":true,"href":"https:\/\/agora.xtec.cat\/ceip-ignasiiglesias-cornella\/wp-json\/wp\/v2\/tags?post=3761"}],"curies":[{"name":"wp","href":"https:\/\/api.w.org\/{rel}","templated":true}]}}