{"id":3758,"date":"2019-11-20T19:15:38","date_gmt":"2019-11-20T18:15:38","guid":{"rendered":"http:\/\/agora.xtec.cat\/ceip-ignasiiglesias-cornella\/?p=3758"},"modified":"2019-11-20T19:15:38","modified_gmt":"2019-11-20T18:15:38","slug":"6e-iniciem-el-projecte-de-la-civilitzacio-romana","status":"publish","type":"post","link":"https:\/\/agora.xtec.cat\/ceip-ignasiiglesias-cornella\/primaria\/6e-iniciem-el-projecte-de-la-civilitzacio-romana\/","title":{"rendered":"6\u00e8  Iniciem el projecte de &#8220;la civilitzaci\u00f3 romana&#8221;"},"content":{"rendered":"<p>D&#8217;en\u00e7\u00e0 que hem comen\u00e7at el curs, dediquem sessions a treballar el nostre projecte. El punt de partida ha estat esbrinar les idees pr\u00e8vies que ja teniem, i hem pogut continuar, gr\u00e0cies a un pergam\u00ed que ens va fer arribar un personatge que desconeixiem: en Cornelius.<\/p>\n<p>Ens hem engrescat a buscat informaci\u00f3, per\u00f2 ens hi posarem poc a poc. De moment hem comen\u00e7at a guarnir el vest\u00edvul de l&#8217;escola amb s\u00edmbols i elements de la civilitzaci\u00f3 romana, trets d&#8217;identitat que tamb\u00e9 ho seran de les nostres classes.<\/p>\n<p style=\"text-align: center;\"><a href=\"https:\/\/agora.xtec.cat\/ceip-ignasiiglesias-cornella\/wp-content\/uploads\/usu1592\/2019\/11\/s\u00edmbols-romans.jpg\"><img loading=\"lazy\" decoding=\"async\" class=\"alignnone size-full wp-image-3759\" src=\"https:\/\/agora.xtec.cat\/ceip-ignasiiglesias-cornella\/wp-content\/uploads\/usu1592\/2019\/11\/s\u00edmbols-romans.jpg\" alt=\"\" width=\"268\" height=\"188\" \/><\/a><\/p>\n","protected":false},"excerpt":{"rendered":"<p>D&#8217;en\u00e7\u00e0 que hem comen\u00e7at el curs, dediquem sessions a treballar el nostre projecte. El punt de partida ha estat esbrinar les idees pr\u00e8vies que ja teniem, i hem pogut continuar, gr\u00e0cies a un pergam\u00ed que ens va fer arribar un personatge que desconeixiem: en Cornelius.<br \/>\nEns&hellip;  <a href=\"https:\/\/agora.xtec.cat\/ceip-ignasiiglesias-cornella\/primaria\/6e-iniciem-el-projecte-de-la-civilitzacio-romana\/\" title=\"Read 6\u00e8  Iniciem el projecte de &#8220;la civilitzaci\u00f3 romana&#8221;\">Llegeix m\u00e9s\u00bb<\/a><\/p>\n","protected":false},"author":1,"featured_media":3759,"comment_status":"open","ping_status":"closed","sticky":false,"template":"","format":"standard","meta":{"_bbp_topic_count":0,"_bbp_reply_count":0,"_bbp_total_topic_count":0,"_bbp_total_reply_count":0,"_bbp_voice_count":0,"_bbp_anonymous_reply_count":0,"_bbp_topic_count_hidden":0,"_bbp_reply_count_hidden":0,"_bbp_forum_subforum_count":0,"footnotes":""},"categories":[14,5],"tags":[680,252],"class_list":["post-3758","post","type-post","status-publish","format-standard","has-post-thumbnail","hentry","category-cicle-superior","category-primaria","tag-civilitzacio-romana","tag-projecte"],"post_mailing_queue_ids":[],"_links":{"self":[{"href":"https:\/\/agora.xtec.cat\/ceip-ignasiiglesias-cornella\/wp-json\/wp\/v2\/posts\/3758","targetHints":{"allow":["GET"]}}],"collection":[{"href":"https:\/\/agora.xtec.cat\/ceip-ignasiiglesias-cornella\/wp-json\/wp\/v2\/posts"}],"about":[{"href":"https:\/\/agora.xtec.cat\/ceip-ignasiiglesias-cornella\/wp-json\/wp\/v2\/types\/post"}],"author":[{"embeddable":true,"href":"https:\/\/agora.xtec.cat\/ceip-ignasiiglesias-cornella\/wp-json\/wp\/v2\/users\/1"}],"replies":[{"embeddable":true,"href":"https:\/\/agora.xtec.cat\/ceip-ignasiiglesias-cornella\/wp-json\/wp\/v2\/comments?post=3758"}],"version-history":[{"count":2,"href":"https:\/\/agora.xtec.cat\/ceip-ignasiiglesias-cornella\/wp-json\/wp\/v2\/posts\/3758\/revisions"}],"predecessor-version":[{"id":3766,"href":"https:\/\/agora.xtec.cat\/ceip-ignasiiglesias-cornella\/wp-json\/wp\/v2\/posts\/3758\/revisions\/3766"}],"wp:featuredmedia":[{"embeddable":true,"href":"https:\/\/agora.xtec.cat\/ceip-ignasiiglesias-cornella\/wp-json\/wp\/v2\/media\/3759"}],"wp:attachment":[{"href":"https:\/\/agora.xtec.cat\/ceip-ignasiiglesias-cornella\/wp-json\/wp\/v2\/media?parent=3758"}],"wp:term":[{"taxonomy":"category","embeddable":true,"href":"https:\/\/agora.xtec.cat\/ceip-ignasiiglesias-cornella\/wp-json\/wp\/v2\/categories?post=3758"},{"taxonomy":"post_tag","embeddable":true,"href":"https:\/\/agora.xtec.cat\/ceip-ignasiiglesias-cornella\/wp-json\/wp\/v2\/tags?post=3758"}],"curies":[{"name":"wp","href":"https:\/\/api.w.org\/{rel}","templated":true}]}}