{"id":3750,"date":"2019-11-12T00:29:36","date_gmt":"2019-11-11T23:29:36","guid":{"rendered":"http:\/\/agora.xtec.cat\/ceip-ignasiiglesias-cornella\/?p=3750"},"modified":"2019-11-25T02:41:59","modified_gmt":"2019-11-25T01:41:59","slug":"4t-saxofon","status":"publish","type":"post","link":"https:\/\/agora.xtec.cat\/ceip-ignasiiglesias-cornella\/portada\/4t-saxofon\/","title":{"rendered":"4t. Sax\u00f2fon"},"content":{"rendered":"<p>Aquesta tarda han vingut a l&#8217; escola a fer un taller de Saxo per als nens i nenes de 4t. Ens han ensenyat un saxo sopr\u00e0 i un saxo alt. A m\u00e9s, ens han demostrat que amb materials reciclats (regadora i broquet) podem fer el nostre propi saxo. Hem escoltat can\u00e7ons mentre v\u00e8iem algunes imatges: Aladdin de Alan Menken, Circle of live de Elton John, Under the Sea de Alan Menken.<br \/>\nTamb\u00e9 hem tractat diferents estils on aquest instrument pot ser solista com la m\u00fasica cl\u00e0ssica: El Bolero de Ravel, la Big Band: Zoot Suit Riot de Steve Perry i la m\u00fasica m\u00e9s moderna amb Milk Inc &#8211; Saxy Motion.<\/p>\n<p>Ja podeu veure fotos del taller entrant a la galeria d&#8217; imatges. Cliqueu <a href=\"https:\/\/agora.xtec.cat\/ceip-ignasiiglesias-cornella\/fotos\/cicle-mitja-2019-2020\/\">AQU\u00cd<\/a><\/p>\n","protected":false},"excerpt":{"rendered":"<p>Aquesta tarda han vingut a l&#8217; escola a fer un taller de Saxo per als nens i nenes de 4t. Ens han ensenyat un saxo sopr\u00e0 i un saxo alt. A m\u00e9s, ens han demostrat que amb materials reciclats (regadora i broquet) podem fer el&hellip;  <a href=\"https:\/\/agora.xtec.cat\/ceip-ignasiiglesias-cornella\/portada\/4t-saxofon\/\" title=\"Read 4t. Sax\u00f2fon\">Llegeix m\u00e9s\u00bb<\/a><\/p>\n","protected":false},"author":4,"featured_media":3779,"comment_status":"open","ping_status":"closed","sticky":false,"template":"","format":"standard","meta":{"_bbp_topic_count":0,"_bbp_reply_count":0,"_bbp_total_topic_count":0,"_bbp_total_reply_count":0,"_bbp_voice_count":0,"_bbp_anonymous_reply_count":0,"_bbp_topic_count_hidden":0,"_bbp_reply_count_hidden":0,"_bbp_forum_subforum_count":0,"footnotes":""},"categories":[12,72,4],"tags":[675,677,676],"class_list":["post-3750","post","type-post","status-publish","format-standard","has-post-thumbnail","hentry","category-cicle-mitja","category-musica","category-portada","tag-saxo","tag-saxodon","tag-saxofon"],"post_mailing_queue_ids":[],"_links":{"self":[{"href":"https:\/\/agora.xtec.cat\/ceip-ignasiiglesias-cornella\/wp-json\/wp\/v2\/posts\/3750","targetHints":{"allow":["GET"]}}],"collection":[{"href":"https:\/\/agora.xtec.cat\/ceip-ignasiiglesias-cornella\/wp-json\/wp\/v2\/posts"}],"about":[{"href":"https:\/\/agora.xtec.cat\/ceip-ignasiiglesias-cornella\/wp-json\/wp\/v2\/types\/post"}],"author":[{"embeddable":true,"href":"https:\/\/agora.xtec.cat\/ceip-ignasiiglesias-cornella\/wp-json\/wp\/v2\/users\/4"}],"replies":[{"embeddable":true,"href":"https:\/\/agora.xtec.cat\/ceip-ignasiiglesias-cornella\/wp-json\/wp\/v2\/comments?post=3750"}],"version-history":[{"count":3,"href":"https:\/\/agora.xtec.cat\/ceip-ignasiiglesias-cornella\/wp-json\/wp\/v2\/posts\/3750\/revisions"}],"predecessor-version":[{"id":3802,"href":"https:\/\/agora.xtec.cat\/ceip-ignasiiglesias-cornella\/wp-json\/wp\/v2\/posts\/3750\/revisions\/3802"}],"wp:featuredmedia":[{"embeddable":true,"href":"https:\/\/agora.xtec.cat\/ceip-ignasiiglesias-cornella\/wp-json\/wp\/v2\/media\/3779"}],"wp:attachment":[{"href":"https:\/\/agora.xtec.cat\/ceip-ignasiiglesias-cornella\/wp-json\/wp\/v2\/media?parent=3750"}],"wp:term":[{"taxonomy":"category","embeddable":true,"href":"https:\/\/agora.xtec.cat\/ceip-ignasiiglesias-cornella\/wp-json\/wp\/v2\/categories?post=3750"},{"taxonomy":"post_tag","embeddable":true,"href":"https:\/\/agora.xtec.cat\/ceip-ignasiiglesias-cornella\/wp-json\/wp\/v2\/tags?post=3750"}],"curies":[{"name":"wp","href":"https:\/\/api.w.org\/{rel}","templated":true}]}}