{"id":3747,"date":"2019-11-12T00:21:41","date_gmt":"2019-11-11T23:21:41","guid":{"rendered":"http:\/\/agora.xtec.cat\/ceip-ignasiiglesias-cornella\/?p=3747"},"modified":"2019-11-20T20:10:16","modified_gmt":"2019-11-20T19:10:16","slug":"3r-fagot","status":"publish","type":"post","link":"https:\/\/agora.xtec.cat\/ceip-ignasiiglesias-cornella\/portada\/3r-fagot\/","title":{"rendered":"3r. Fagot"},"content":{"rendered":"<p>La darrera setmana ens han vingut a mostrar amb detall les caracter\u00edstiques i peculiaritats del fagot. Ens han explicat quin es aquest instrument tan llarg i gran, des de la construcci\u00f3 amb fotos de la pe\u00e7a de fusta, fins a l&#8217;instrument acabat. La canya (canya doble) \u00e9s la que li dona el so a la resta de l&#8217; instrument.<br \/>\nA continuaci\u00f3 ens han presentat el fagotino, el \u201cgerm\u00e0 petit\u201d del fagot, amb el que qualsevol<br \/>\nnen ha de comen\u00e7ar a tocar perqu\u00e8 el fagot es massa gran.<br \/>\nCliqueu <a href=\"https:\/\/agora.xtec.cat\/ceip-ignasiiglesias-cornella\/fotos\/cicle-mitja-2019-2020\/\">AQU\u00cd<\/a> per veure m\u00e9s fotos.<\/p>\n","protected":false},"excerpt":{"rendered":"<p>La darrera setmana ens han vingut a mostrar amb detall les caracter\u00edstiques i peculiaritats del fagot. Ens han explicat quin es aquest instrument tan llarg i gran, des de la construcci\u00f3 amb fotos de la pe\u00e7a de fusta, fins a l&#8217;instrument acabat. La canya (canya&hellip;  <a href=\"https:\/\/agora.xtec.cat\/ceip-ignasiiglesias-cornella\/portada\/3r-fagot\/\" title=\"Read 3r. Fagot\">Llegeix m\u00e9s\u00bb<\/a><\/p>\n","protected":false},"author":4,"featured_media":3780,"comment_status":"open","ping_status":"closed","sticky":false,"template":"","format":"standard","meta":{"_bbp_topic_count":0,"_bbp_reply_count":0,"_bbp_total_topic_count":0,"_bbp_total_reply_count":0,"_bbp_voice_count":0,"_bbp_anonymous_reply_count":0,"_bbp_topic_count_hidden":0,"_bbp_reply_count_hidden":0,"_bbp_forum_subforum_count":0,"footnotes":""},"categories":[12,72,4],"tags":[673,114,674],"class_list":["post-3747","post","type-post","status-publish","format-standard","has-post-thumbnail","hentry","category-cicle-mitja","category-musica","category-portada","tag-fagot","tag-musica-harmonica-5e","tag-solistes-a-l-aula"],"post_mailing_queue_ids":[],"_links":{"self":[{"href":"https:\/\/agora.xtec.cat\/ceip-ignasiiglesias-cornella\/wp-json\/wp\/v2\/posts\/3747","targetHints":{"allow":["GET"]}}],"collection":[{"href":"https:\/\/agora.xtec.cat\/ceip-ignasiiglesias-cornella\/wp-json\/wp\/v2\/posts"}],"about":[{"href":"https:\/\/agora.xtec.cat\/ceip-ignasiiglesias-cornella\/wp-json\/wp\/v2\/types\/post"}],"author":[{"embeddable":true,"href":"https:\/\/agora.xtec.cat\/ceip-ignasiiglesias-cornella\/wp-json\/wp\/v2\/users\/4"}],"replies":[{"embeddable":true,"href":"https:\/\/agora.xtec.cat\/ceip-ignasiiglesias-cornella\/wp-json\/wp\/v2\/comments?post=3747"}],"version-history":[{"count":3,"href":"https:\/\/agora.xtec.cat\/ceip-ignasiiglesias-cornella\/wp-json\/wp\/v2\/posts\/3747\/revisions"}],"predecessor-version":[{"id":3753,"href":"https:\/\/agora.xtec.cat\/ceip-ignasiiglesias-cornella\/wp-json\/wp\/v2\/posts\/3747\/revisions\/3753"}],"wp:featuredmedia":[{"embeddable":true,"href":"https:\/\/agora.xtec.cat\/ceip-ignasiiglesias-cornella\/wp-json\/wp\/v2\/media\/3780"}],"wp:attachment":[{"href":"https:\/\/agora.xtec.cat\/ceip-ignasiiglesias-cornella\/wp-json\/wp\/v2\/media?parent=3747"}],"wp:term":[{"taxonomy":"category","embeddable":true,"href":"https:\/\/agora.xtec.cat\/ceip-ignasiiglesias-cornella\/wp-json\/wp\/v2\/categories?post=3747"},{"taxonomy":"post_tag","embeddable":true,"href":"https:\/\/agora.xtec.cat\/ceip-ignasiiglesias-cornella\/wp-json\/wp\/v2\/tags?post=3747"}],"curies":[{"name":"wp","href":"https:\/\/api.w.org\/{rel}","templated":true}]}}