{"id":3714,"date":"2019-11-11T21:03:03","date_gmt":"2019-11-11T20:03:03","guid":{"rendered":"http:\/\/agora.xtec.cat\/ceip-ignasiiglesias-cornella\/?p=3714"},"modified":"2019-11-11T21:03:03","modified_gmt":"2019-11-11T20:03:03","slug":"2n-la-verema-2","status":"publish","type":"post","link":"https:\/\/agora.xtec.cat\/ceip-ignasiiglesias-cornella\/primaria\/2n-la-verema-2\/","title":{"rendered":"2n La Verema"},"content":{"rendered":"<p style=\"font-weight: 400;\">Hola fam\u00edlies;<\/p>\n<p style=\"font-weight: 400;\">El passat divendres 25 d\u2019Octubre, els nens i nenes de 2n vam anar a Can Canadell, una masia preciosa envoltada de conreus i boscos.<\/p>\n<p style=\"font-weight: 400;\">All\u00e0 ens esperaven uns monitors ben simp\u00e0tics i divertits amb els que vam aprendre i gaudir molt.\u00a0 Vam con\u00e8ixer les vinyes i el ra\u00efm a trav\u00e9s de diferents activitats al camp. Uns personatges molt interessants ens van explicar que s\u2019hi feia\u00a0 a una vinya. Vam aprendre les parts del cep, el proc\u00e9s d\u2019elaboraci\u00f3 del vi i com celebraven aquesta preciosa recol\u00b7lecci\u00f3 de ra\u00efm anomenada Verema.<\/p>\n<p style=\"font-weight: 400;\">Tamb\u00e9 vam visitar el celler i vam poder veure com es feia la recollida del ra\u00efm i l&#8217;elaboraci\u00f3 del most, a m\u00e9s vam gaudir trepitjant el ra\u00efm amb els peus, tot fent gresca amb els companys i companyes, com es feia antigament.<\/p>\n<p>Si voleu veure totes les fotos no dubteu en clicar en la seg\u00fcent foto. <a href=\"https:\/\/agora.xtec.cat\/ceip-ignasiiglesias-cornella\/fotos\/cicle-inicial-2019-2020\/\"><img loading=\"lazy\" decoding=\"async\" class=\"aligncenter size-full wp-image-3715\" src=\"https:\/\/agora.xtec.cat\/ceip-ignasiiglesias-cornella\/wp-content\/uploads\/usu1592\/2019\/10\/portada-verema.jpg\" alt=\"\" width=\"275\" height=\"183\" \/><\/a><\/p>\n","protected":false},"excerpt":{"rendered":"<p>Hola fam\u00edlies;<br \/>\nEl passat divendres 25 d\u2019Octubre, els nens i nenes de 2n vam anar a Can Canadell, una masia preciosa envoltada de conreus i boscos.<br \/>\nAll\u00e0 ens esperaven uns monitors ben simp\u00e0tics i divertits amb els que vam aprendre i gaudir molt.\u00a0 Vam con\u00e8ixer les vinyes&hellip;  <a href=\"https:\/\/agora.xtec.cat\/ceip-ignasiiglesias-cornella\/primaria\/2n-la-verema-2\/\" title=\"Read 2n La Verema\">Llegeix m\u00e9s\u00bb<\/a><\/p>\n","protected":false},"author":1,"featured_media":3715,"comment_status":"open","ping_status":"closed","sticky":false,"template":"","format":"standard","meta":{"_bbp_topic_count":0,"_bbp_reply_count":0,"_bbp_total_topic_count":0,"_bbp_total_reply_count":0,"_bbp_voice_count":0,"_bbp_anonymous_reply_count":0,"_bbp_topic_count_hidden":0,"_bbp_reply_count_hidden":0,"_bbp_forum_subforum_count":0,"footnotes":""},"categories":[10,5],"tags":[210,669,137,460],"class_list":["post-3714","post","type-post","status-publish","format-standard","has-post-thumbnail","hentry","category-cicle-inicial","category-primaria","tag-2n","tag-can-canadell","tag-cicle-inicial","tag-verema"],"post_mailing_queue_ids":[],"_links":{"self":[{"href":"https:\/\/agora.xtec.cat\/ceip-ignasiiglesias-cornella\/wp-json\/wp\/v2\/posts\/3714","targetHints":{"allow":["GET"]}}],"collection":[{"href":"https:\/\/agora.xtec.cat\/ceip-ignasiiglesias-cornella\/wp-json\/wp\/v2\/posts"}],"about":[{"href":"https:\/\/agora.xtec.cat\/ceip-ignasiiglesias-cornella\/wp-json\/wp\/v2\/types\/post"}],"author":[{"embeddable":true,"href":"https:\/\/agora.xtec.cat\/ceip-ignasiiglesias-cornella\/wp-json\/wp\/v2\/users\/1"}],"replies":[{"embeddable":true,"href":"https:\/\/agora.xtec.cat\/ceip-ignasiiglesias-cornella\/wp-json\/wp\/v2\/comments?post=3714"}],"version-history":[{"count":3,"href":"https:\/\/agora.xtec.cat\/ceip-ignasiiglesias-cornella\/wp-json\/wp\/v2\/posts\/3714\/revisions"}],"predecessor-version":[{"id":3746,"href":"https:\/\/agora.xtec.cat\/ceip-ignasiiglesias-cornella\/wp-json\/wp\/v2\/posts\/3714\/revisions\/3746"}],"wp:featuredmedia":[{"embeddable":true,"href":"https:\/\/agora.xtec.cat\/ceip-ignasiiglesias-cornella\/wp-json\/wp\/v2\/media\/3715"}],"wp:attachment":[{"href":"https:\/\/agora.xtec.cat\/ceip-ignasiiglesias-cornella\/wp-json\/wp\/v2\/media?parent=3714"}],"wp:term":[{"taxonomy":"category","embeddable":true,"href":"https:\/\/agora.xtec.cat\/ceip-ignasiiglesias-cornella\/wp-json\/wp\/v2\/categories?post=3714"},{"taxonomy":"post_tag","embeddable":true,"href":"https:\/\/agora.xtec.cat\/ceip-ignasiiglesias-cornella\/wp-json\/wp\/v2\/tags?post=3714"}],"curies":[{"name":"wp","href":"https:\/\/api.w.org\/{rel}","templated":true}]}}