{"id":3655,"date":"2019-10-25T09:22:10","date_gmt":"2019-10-25T07:22:10","guid":{"rendered":"http:\/\/agora.xtec.cat\/ceip-ignasiiglesias-cornella\/?p=3655"},"modified":"2019-10-25T09:22:10","modified_gmt":"2019-10-25T07:22:10","slug":"tallers-a-cicle-inicial","status":"publish","type":"post","link":"https:\/\/agora.xtec.cat\/ceip-ignasiiglesias-cornella\/primaria\/tallers-a-cicle-inicial\/","title":{"rendered":"TALLERS A CICLE INICIAL"},"content":{"rendered":"<p>Els nens i nenes de Cicle Inicial (primer i segon de prim\u00e0ria) hem comen\u00e7at els nostres tallers. Aquests tallers s\u00f3n cinc:<\/p>\n<p>1) ARTS &amp; CRAFTS<\/p>\n<p>2) CI\u00c8NCIES<\/p>\n<p>3) SUPERMERCAT<\/p>\n<p>4) JOCS DE TAULA<\/p>\n<p>5) EXPRESSI\u00d3 CORPORAL<\/p>\n<p>APRENEM MOLTES COSES DIVERTINT-NOS MOLT&#8230; VOLEU FER UNA ULLADA?<a class=\"https:\/\/photos.google.com\/album\/AF1QipPGgXRmNrluLgGzhVK5YkD_EQLN9daBubISt4C1\" href=\"https:\/\/agora.xtec.cat\/ceip-ignasiiglesias-cornella\/fotos\/cicle-inicial-2019-2020\/\" rel=\"https:\/\/photos.google.com\/album\/AF1QipPGgXRmNrluLgGzhVK5YkD_EQLN9daBubISt4C1\"><img loading=\"lazy\" decoding=\"async\" class=\"wp-image-3656 aligncenter\" src=\"https:\/\/agora.xtec.cat\/ceip-ignasiiglesias-cornella\/wp-content\/uploads\/usu1592\/2019\/10\/tallers.jpg\" alt=\"https:\/\/photos.google.com\/album\/AF1QipPGgXRmNrluLgGzhVK5YkD_EQLN9daBubISt4C1\" width=\"277\" height=\"277\" srcset=\"https:\/\/agora.xtec.cat\/ceip-ignasiiglesias-cornella\/wp-content\/uploads\/usu1592\/2019\/10\/tallers.jpg 350w, https:\/\/agora.xtec.cat\/ceip-ignasiiglesias-cornella\/wp-content\/uploads\/usu1592\/2019\/10\/tallers-150x150.jpg 150w, https:\/\/agora.xtec.cat\/ceip-ignasiiglesias-cornella\/wp-content\/uploads\/usu1592\/2019\/10\/tallers-300x300.jpg 300w\" sizes=\"auto, (max-width: 277px) 100vw, 277px\" \/><\/a><\/p>\n","protected":false},"excerpt":{"rendered":"<p>Els nens i nenes de Cicle Inicial (primer i segon de prim\u00e0ria) hem comen\u00e7at els nostres tallers. Aquests tallers s\u00f3n cinc:<br \/>\n1) ARTS &amp; CRAFTS<br \/>\n2) CI\u00c8NCIES<br \/>\n3) SUPERMERCAT<br \/>\n4) JOCS DE TAULA<br \/>\n5) EXPRESSI\u00d3 CORPORAL<br \/>\nAPRENEM MOLTES COSES DIVERTINT-NOS MOLT&#8230; VOLEU FER UNA ULLADA?<a class=\"https:\/\/photos.google.com\/album\/AF1QipPGgXRmNrluLgGzhVK5YkD_EQLN9daBubISt4C1\" href=\"https:\/\/agora.xtec.cat\/ceip-ignasiiglesias-cornella\/fotos\/cicle-inicial-2019-2020\/\" rel=\"https:\/\/photos.google.com\/album\/AF1QipPGgXRmNrluLgGzhVK5YkD_EQLN9daBubISt4C1\"><\/a><\/p>\n","protected":false},"author":1,"featured_media":3656,"comment_status":"open","ping_status":"closed","sticky":false,"template":"","format":"standard","meta":{"_bbp_topic_count":0,"_bbp_reply_count":0,"_bbp_total_topic_count":0,"_bbp_total_reply_count":0,"_bbp_voice_count":0,"_bbp_anonymous_reply_count":0,"_bbp_topic_count_hidden":0,"_bbp_reply_count_hidden":0,"_bbp_forum_subforum_count":0,"footnotes":""},"categories":[10,5],"tags":[647,138,101,164],"class_list":["post-3655","post","type-post","status-publish","format-standard","has-post-thumbnail","hentry","category-cicle-inicial","category-primaria","tag-c-i","tag-primer","tag-segon","tag-tallers"],"post_mailing_queue_ids":[],"_links":{"self":[{"href":"https:\/\/agora.xtec.cat\/ceip-ignasiiglesias-cornella\/wp-json\/wp\/v2\/posts\/3655","targetHints":{"allow":["GET"]}}],"collection":[{"href":"https:\/\/agora.xtec.cat\/ceip-ignasiiglesias-cornella\/wp-json\/wp\/v2\/posts"}],"about":[{"href":"https:\/\/agora.xtec.cat\/ceip-ignasiiglesias-cornella\/wp-json\/wp\/v2\/types\/post"}],"author":[{"embeddable":true,"href":"https:\/\/agora.xtec.cat\/ceip-ignasiiglesias-cornella\/wp-json\/wp\/v2\/users\/1"}],"replies":[{"embeddable":true,"href":"https:\/\/agora.xtec.cat\/ceip-ignasiiglesias-cornella\/wp-json\/wp\/v2\/comments?post=3655"}],"version-history":[{"count":3,"href":"https:\/\/agora.xtec.cat\/ceip-ignasiiglesias-cornella\/wp-json\/wp\/v2\/posts\/3655\/revisions"}],"predecessor-version":[{"id":3660,"href":"https:\/\/agora.xtec.cat\/ceip-ignasiiglesias-cornella\/wp-json\/wp\/v2\/posts\/3655\/revisions\/3660"}],"wp:featuredmedia":[{"embeddable":true,"href":"https:\/\/agora.xtec.cat\/ceip-ignasiiglesias-cornella\/wp-json\/wp\/v2\/media\/3656"}],"wp:attachment":[{"href":"https:\/\/agora.xtec.cat\/ceip-ignasiiglesias-cornella\/wp-json\/wp\/v2\/media?parent=3655"}],"wp:term":[{"taxonomy":"category","embeddable":true,"href":"https:\/\/agora.xtec.cat\/ceip-ignasiiglesias-cornella\/wp-json\/wp\/v2\/categories?post=3655"},{"taxonomy":"post_tag","embeddable":true,"href":"https:\/\/agora.xtec.cat\/ceip-ignasiiglesias-cornella\/wp-json\/wp\/v2\/tags?post=3655"}],"curies":[{"name":"wp","href":"https:\/\/api.w.org\/{rel}","templated":true}]}}