{"id":3613,"date":"2019-10-15T00:23:18","date_gmt":"2019-10-14T22:23:18","guid":{"rendered":"http:\/\/agora.xtec.cat\/ceip-ignasiiglesias-cornella\/?p=3613"},"modified":"2019-10-15T00:23:52","modified_gmt":"2019-10-14T22:23:52","slug":"cm-petits-musics","status":"publish","type":"post","link":"https:\/\/agora.xtec.cat\/ceip-ignasiiglesias-cornella\/primaria\/cicle-mitja\/cm-petits-musics\/","title":{"rendered":"CM. Petits m\u00fasics!"},"content":{"rendered":"<p>Com ja sabeu, alguns dels nostres alumnes de Cicle Mitj\u00e0 estudien m\u00fasica fora de l&#8217;escola. Entreu a la galeria d&#8217; imatges per veure com aquests petits m\u00fasics ensenyen el que saben als seus companys i companyes. Anirem actualitzant l&#8217; \u00e0lbum amb les noves interpretacions.<\/p>\n<p><a href=\"https:\/\/agora.xtec.cat\/ceip-ignasiiglesias-cornella\/fotos\/cicle-mitja-2019-2020\/\" target=\"_blank\" rel=\"noopener noreferrer\"><img loading=\"lazy\" decoding=\"async\" class=\"aligncenter wp-image-802 size-medium\" src=\"https:\/\/agora.xtec.cat\/ceip-ignasiiglesias-cornella\/wp-content\/uploads\/usu1592\/2017\/11\/music-colour-splash-300x127.jpg\" alt=\"\" width=\"300\" height=\"127\" srcset=\"https:\/\/agora.xtec.cat\/ceip-ignasiiglesias-cornella\/wp-content\/uploads\/usu1592\/2017\/11\/music-colour-splash-300x127.jpg 300w, https:\/\/agora.xtec.cat\/ceip-ignasiiglesias-cornella\/wp-content\/uploads\/usu1592\/2017\/11\/music-colour-splash-768x325.jpg 768w, https:\/\/agora.xtec.cat\/ceip-ignasiiglesias-cornella\/wp-content\/uploads\/usu1592\/2017\/11\/music-colour-splash-1024x433.jpg 1024w, https:\/\/agora.xtec.cat\/ceip-ignasiiglesias-cornella\/wp-content\/uploads\/usu1592\/2017\/11\/music-colour-splash.jpg 1050w\" sizes=\"auto, (max-width: 300px) 100vw, 300px\" \/><\/a><\/p>\n","protected":false},"excerpt":{"rendered":"<p>Com ja sabeu, alguns dels nostres alumnes de Cicle Mitj\u00e0 estudien m\u00fasica fora de l&#8217;escola. Entreu a la galeria d&#8217; imatges per veure com aquests petits m\u00fasics ensenyen el que saben als seus companys i companyes. Anirem actualitzant l&#8217; \u00e0lbum amb les noves interpretacions.<br \/>\n<a href=\"https:\/\/agora.xtec.cat\/ceip-ignasiiglesias-cornella\/fotos\/cicle-mitja-2019-2020\/\"&hellip;  <a href=\"https:\/\/agora.xtec.cat\/ceip-ignasiiglesias-cornella\/primaria\/cicle-mitja\/cm-petits-musics\/\" title=\"Read CM. Petits m\u00fasics!\">Llegeix m\u00e9s\u00bb<\/a><\/p>\n","protected":false},"author":4,"featured_media":802,"comment_status":"open","ping_status":"closed","sticky":false,"template":"","format":"standard","meta":{"_bbp_topic_count":0,"_bbp_reply_count":0,"_bbp_total_topic_count":0,"_bbp_total_reply_count":0,"_bbp_voice_count":0,"_bbp_anonymous_reply_count":0,"_bbp_topic_count_hidden":0,"_bbp_reply_count_hidden":0,"_bbp_forum_subforum_count":0,"footnotes":""},"categories":[12,72],"tags":[366,662],"class_list":["post-3613","post","type-post","status-publish","format-standard","has-post-thumbnail","hentry","category-cicle-mitja","category-musica","tag-instruments","tag-musics"],"post_mailing_queue_ids":[],"_links":{"self":[{"href":"https:\/\/agora.xtec.cat\/ceip-ignasiiglesias-cornella\/wp-json\/wp\/v2\/posts\/3613","targetHints":{"allow":["GET"]}}],"collection":[{"href":"https:\/\/agora.xtec.cat\/ceip-ignasiiglesias-cornella\/wp-json\/wp\/v2\/posts"}],"about":[{"href":"https:\/\/agora.xtec.cat\/ceip-ignasiiglesias-cornella\/wp-json\/wp\/v2\/types\/post"}],"author":[{"embeddable":true,"href":"https:\/\/agora.xtec.cat\/ceip-ignasiiglesias-cornella\/wp-json\/wp\/v2\/users\/4"}],"replies":[{"embeddable":true,"href":"https:\/\/agora.xtec.cat\/ceip-ignasiiglesias-cornella\/wp-json\/wp\/v2\/comments?post=3613"}],"version-history":[{"count":1,"href":"https:\/\/agora.xtec.cat\/ceip-ignasiiglesias-cornella\/wp-json\/wp\/v2\/posts\/3613\/revisions"}],"predecessor-version":[{"id":3615,"href":"https:\/\/agora.xtec.cat\/ceip-ignasiiglesias-cornella\/wp-json\/wp\/v2\/posts\/3613\/revisions\/3615"}],"wp:featuredmedia":[{"embeddable":true,"href":"https:\/\/agora.xtec.cat\/ceip-ignasiiglesias-cornella\/wp-json\/wp\/v2\/media\/802"}],"wp:attachment":[{"href":"https:\/\/agora.xtec.cat\/ceip-ignasiiglesias-cornella\/wp-json\/wp\/v2\/media?parent=3613"}],"wp:term":[{"taxonomy":"category","embeddable":true,"href":"https:\/\/agora.xtec.cat\/ceip-ignasiiglesias-cornella\/wp-json\/wp\/v2\/categories?post=3613"},{"taxonomy":"post_tag","embeddable":true,"href":"https:\/\/agora.xtec.cat\/ceip-ignasiiglesias-cornella\/wp-json\/wp\/v2\/tags?post=3613"}],"curies":[{"name":"wp","href":"https:\/\/api.w.org\/{rel}","templated":true}]}}