{"id":3562,"date":"2019-10-04T13:06:42","date_gmt":"2019-10-04T11:06:42","guid":{"rendered":"http:\/\/agora.xtec.cat\/ceip-ignasiiglesias-cornella\/?p=3562"},"modified":"2019-10-04T13:06:54","modified_gmt":"2019-10-04T11:06:54","slug":"5e-back-to-the-80s","status":"publish","type":"post","link":"https:\/\/agora.xtec.cat\/ceip-ignasiiglesias-cornella\/primaria\/cicle-superior\/5e-back-to-the-80s\/","title":{"rendered":"5\u00e8. Back to the 80s!"},"content":{"rendered":"<p>La darrera sessi\u00f3 de pl\u00e0stica els nens i nenes de 5\u00e8 hem fet una sessi\u00f3 de fotos dels anys 80. Entreu a la galeria de fotos de Cicle Superior per veure-les, o b\u00e9 cliqueu <a href=\"https:\/\/agora.xtec.cat\/ceip-ignasiiglesias-cornella\/fotos\/cicle-superior-2019-2020\/\">AQU\u00cd<\/a>.<\/p>\n","protected":false},"excerpt":{"rendered":"<p>La darrera sessi\u00f3 de pl\u00e0stica els nens i nenes de 5\u00e8 hem fet una sessi\u00f3 de fotos dels anys 80. Entreu a la galeria de fotos de Cicle Superior per veure-les, o b\u00e9 cliqueu <a href=\"https:\/\/agora.xtec.cat\/ceip-ignasiiglesias-cornella\/fotos\/cicle-superior-2019-2020\/\">AQU\u00cd<\/a>.<\/p>\n","protected":false},"author":4,"featured_media":3560,"comment_status":"closed","ping_status":"closed","sticky":false,"template":"","format":"standard","meta":{"_bbp_topic_count":0,"_bbp_reply_count":0,"_bbp_total_topic_count":0,"_bbp_total_reply_count":0,"_bbp_voice_count":0,"_bbp_anonymous_reply_count":0,"_bbp_topic_count_hidden":0,"_bbp_reply_count_hidden":0,"_bbp_forum_subforum_count":0,"footnotes":""},"categories":[14],"tags":[658,395],"class_list":["post-3562","post","type-post","status-publish","format-standard","has-post-thumbnail","hentry","category-cicle-superior","tag-80s","tag-fotos"],"post_mailing_queue_ids":[],"_links":{"self":[{"href":"https:\/\/agora.xtec.cat\/ceip-ignasiiglesias-cornella\/wp-json\/wp\/v2\/posts\/3562","targetHints":{"allow":["GET"]}}],"collection":[{"href":"https:\/\/agora.xtec.cat\/ceip-ignasiiglesias-cornella\/wp-json\/wp\/v2\/posts"}],"about":[{"href":"https:\/\/agora.xtec.cat\/ceip-ignasiiglesias-cornella\/wp-json\/wp\/v2\/types\/post"}],"author":[{"embeddable":true,"href":"https:\/\/agora.xtec.cat\/ceip-ignasiiglesias-cornella\/wp-json\/wp\/v2\/users\/4"}],"replies":[{"embeddable":true,"href":"https:\/\/agora.xtec.cat\/ceip-ignasiiglesias-cornella\/wp-json\/wp\/v2\/comments?post=3562"}],"version-history":[{"count":2,"href":"https:\/\/agora.xtec.cat\/ceip-ignasiiglesias-cornella\/wp-json\/wp\/v2\/posts\/3562\/revisions"}],"predecessor-version":[{"id":3564,"href":"https:\/\/agora.xtec.cat\/ceip-ignasiiglesias-cornella\/wp-json\/wp\/v2\/posts\/3562\/revisions\/3564"}],"wp:featuredmedia":[{"embeddable":true,"href":"https:\/\/agora.xtec.cat\/ceip-ignasiiglesias-cornella\/wp-json\/wp\/v2\/media\/3560"}],"wp:attachment":[{"href":"https:\/\/agora.xtec.cat\/ceip-ignasiiglesias-cornella\/wp-json\/wp\/v2\/media?parent=3562"}],"wp:term":[{"taxonomy":"category","embeddable":true,"href":"https:\/\/agora.xtec.cat\/ceip-ignasiiglesias-cornella\/wp-json\/wp\/v2\/categories?post=3562"},{"taxonomy":"post_tag","embeddable":true,"href":"https:\/\/agora.xtec.cat\/ceip-ignasiiglesias-cornella\/wp-json\/wp\/v2\/tags?post=3562"}],"curies":[{"name":"wp","href":"https:\/\/api.w.org\/{rel}","templated":true}]}}