{"id":3398,"date":"2019-06-27T10:11:43","date_gmt":"2019-06-27T08:11:43","guid":{"rendered":"http:\/\/agora.xtec.cat\/ceip-ignasiiglesias-cornella\/?p=3398"},"modified":"2019-06-27T10:11:43","modified_gmt":"2019-06-27T08:11:43","slug":"6e-deures-d-estiu","status":"publish","type":"post","link":"https:\/\/agora.xtec.cat\/ceip-ignasiiglesias-cornella\/portada\/6e-deures-d-estiu\/","title":{"rendered":"6\u00e8. Deures d&#8217; estiu"},"content":{"rendered":"<p>Descarregueu als enlla\u00e7os els deures d&#8217;estiu dels nens i nenes de 6\u00e8 que passen a l&#8217; institut. Bones Vacances!<\/p>\n<p><a href=\"https:\/\/drive.google.com\/file\/d\/0B_Ij968M5y_dLWhkRl9QZDVuZm8\/view?usp=sharing\" data-blogger-escaped-target=\"_blank\" rel=\"noopener noreferrer\">deures 1<\/a><\/p>\n<p><a href=\"https:\/\/drive.google.com\/file\/d\/0B_Ij968M5y_damhEWTZOeVMtWFU\/view?usp=sharing\" data-blogger-escaped-target=\"_blank\" rel=\"noopener noreferrer\">deures 2<\/a> (angl\u00e8s<img loading=\"lazy\" decoding=\"async\" class=\"size-medium wp-image-3399 aligncenter\" src=\"https:\/\/agora.xtec.cat\/ceip-ignasiiglesias-cornella\/wp-content\/uploads\/usu1592\/2019\/06\/perro-en-vacaciones-300x169.jpg\" alt=\"\" width=\"300\" height=\"169\" srcset=\"https:\/\/agora.xtec.cat\/ceip-ignasiiglesias-cornella\/wp-content\/uploads\/usu1592\/2019\/06\/perro-en-vacaciones-300x169.jpg 300w, https:\/\/agora.xtec.cat\/ceip-ignasiiglesias-cornella\/wp-content\/uploads\/usu1592\/2019\/06\/perro-en-vacaciones.jpg 320w\" sizes=\"auto, (max-width: 300px) 100vw, 300px\" \/><\/p>\n","protected":false},"excerpt":{"rendered":"<p>Descarregueu als enlla\u00e7os els deures d&#8217;estiu dels nens i nenes de 6\u00e8 que passen a l&#8217; institut. Bones Vacances!<br \/>\n<a href=\"https:\/\/drive.google.com\/file\/d\/0B_Ij968M5y_dLWhkRl9QZDVuZm8\/view?usp=sharing\" data-blogger-escaped-target=\"_blank\" rel=\"noopener noreferrer\">deures 1<\/a><br \/>\n<a href=\"https:\/\/drive.google.com\/file\/d\/0B_Ij968M5y_damhEWTZOeVMtWFU\/view?usp=sharing\" data-blogger-escaped-target=\"_blank\" rel=\"noopener noreferrer\">deures 2<\/a> (angl\u00e8s<\/p>\n","protected":false},"author":4,"featured_media":3399,"comment_status":"open","ping_status":"closed","sticky":false,"template":"","format":"standard","meta":{"_bbp_topic_count":0,"_bbp_reply_count":0,"_bbp_total_topic_count":0,"_bbp_total_reply_count":0,"_bbp_voice_count":0,"_bbp_anonymous_reply_count":0,"_bbp_topic_count_hidden":0,"_bbp_reply_count_hidden":0,"_bbp_forum_subforum_count":0,"footnotes":""},"categories":[14,4],"tags":[437,417,644],"class_list":["post-3398","post","type-post","status-publish","format-standard","has-post-thumbnail","hentry","category-cicle-superior","category-portada","tag-deures","tag-estiu","tag-institut"],"post_mailing_queue_ids":[],"_links":{"self":[{"href":"https:\/\/agora.xtec.cat\/ceip-ignasiiglesias-cornella\/wp-json\/wp\/v2\/posts\/3398","targetHints":{"allow":["GET"]}}],"collection":[{"href":"https:\/\/agora.xtec.cat\/ceip-ignasiiglesias-cornella\/wp-json\/wp\/v2\/posts"}],"about":[{"href":"https:\/\/agora.xtec.cat\/ceip-ignasiiglesias-cornella\/wp-json\/wp\/v2\/types\/post"}],"author":[{"embeddable":true,"href":"https:\/\/agora.xtec.cat\/ceip-ignasiiglesias-cornella\/wp-json\/wp\/v2\/users\/4"}],"replies":[{"embeddable":true,"href":"https:\/\/agora.xtec.cat\/ceip-ignasiiglesias-cornella\/wp-json\/wp\/v2\/comments?post=3398"}],"version-history":[{"count":1,"href":"https:\/\/agora.xtec.cat\/ceip-ignasiiglesias-cornella\/wp-json\/wp\/v2\/posts\/3398\/revisions"}],"predecessor-version":[{"id":3400,"href":"https:\/\/agora.xtec.cat\/ceip-ignasiiglesias-cornella\/wp-json\/wp\/v2\/posts\/3398\/revisions\/3400"}],"wp:featuredmedia":[{"embeddable":true,"href":"https:\/\/agora.xtec.cat\/ceip-ignasiiglesias-cornella\/wp-json\/wp\/v2\/media\/3399"}],"wp:attachment":[{"href":"https:\/\/agora.xtec.cat\/ceip-ignasiiglesias-cornella\/wp-json\/wp\/v2\/media?parent=3398"}],"wp:term":[{"taxonomy":"category","embeddable":true,"href":"https:\/\/agora.xtec.cat\/ceip-ignasiiglesias-cornella\/wp-json\/wp\/v2\/categories?post=3398"},{"taxonomy":"post_tag","embeddable":true,"href":"https:\/\/agora.xtec.cat\/ceip-ignasiiglesias-cornella\/wp-json\/wp\/v2\/tags?post=3398"}],"curies":[{"name":"wp","href":"https:\/\/api.w.org\/{rel}","templated":true}]}}