{"id":3388,"date":"2019-06-26T12:46:02","date_gmt":"2019-06-26T10:46:02","guid":{"rendered":"http:\/\/agora.xtec.cat\/ceip-ignasiiglesias-cornella\/?p=3388"},"modified":"2019-06-26T12:49:20","modified_gmt":"2019-06-26T10:49:20","slug":"el-nostre-entorn-mes-proper-ime","status":"publish","type":"post","link":"https:\/\/agora.xtec.cat\/ceip-ignasiiglesias-cornella\/general\/el-nostre-entorn-mes-proper-ime\/","title":{"rendered":"EL NOSTRE ENTORN M\u00c9S PROPER (IME)"},"content":{"rendered":"<p>Enguany l&#8217; escola ha iniciat el projecte: EL NOSTRE ENTORN M\u00c9S PROPER. Amb aquest projecte, preten\u00edem treballar en grups redu\u00efts un tipus d&#8217;activitats manipulatives i que tinguessin a veure amb l&#8217;entorn real i proper dels alumnes.<\/p>\n<p>S&#8217; ha pogut dur a terme amb els materials que han enriquit els racons de joc de petits i grans (espai minimons, rac\u00f3 del supermercat, construccions, escumes i construccions gegants, jocs matem\u00e0tics&#8230;). Tot plegat amb la col\u00b7laboraci\u00f3 de l&#8217; Ajuntament de Cornell\u00e0, que ha perm\u00e8s la dotaci\u00f3 dels materials necessaris per a poder dur a terme el projecte.<\/p>\n<p>Cliqueu la imatge per veure&#8217;n m\u00e9s.<a href=\"https:\/\/agora.xtec.cat\/ceip-ignasiiglesias-cornella\/fotos\/cicle-superior-2018-2019\/\"><img loading=\"lazy\" decoding=\"async\" class=\"wp-image-3389 size-full aligncenter\" src=\"https:\/\/agora.xtec.cat\/ceip-ignasiiglesias-cornella\/wp-content\/uploads\/usu1592\/2019\/06\/projecte-ime-1.jpg\" alt=\"\" width=\"768\" height=\"550\" srcset=\"https:\/\/agora.xtec.cat\/ceip-ignasiiglesias-cornella\/wp-content\/uploads\/usu1592\/2019\/06\/projecte-ime-1.jpg 768w, https:\/\/agora.xtec.cat\/ceip-ignasiiglesias-cornella\/wp-content\/uploads\/usu1592\/2019\/06\/projecte-ime-1-300x215.jpg 300w\" sizes=\"auto, (max-width: 768px) 100vw, 768px\" \/><\/a><\/p>\n<p>Amb la col\u00b7laboraci\u00f3 de l&#8217; Ajuntament de Cornell\u00e0 de Llobregat<\/p>\n<p><img loading=\"lazy\" decoding=\"async\" class=\"size-medium wp-image-3396 alignleft\" src=\"https:\/\/agora.xtec.cat\/ceip-ignasiiglesias-cornella\/wp-content\/uploads\/usu1592\/2019\/06\/Captura-300x98.png\" alt=\"\" width=\"300\" height=\"98\" srcset=\"https:\/\/agora.xtec.cat\/ceip-ignasiiglesias-cornella\/wp-content\/uploads\/usu1592\/2019\/06\/Captura-300x98.png 300w, https:\/\/agora.xtec.cat\/ceip-ignasiiglesias-cornella\/wp-content\/uploads\/usu1592\/2019\/06\/Captura.png 500w\" sizes=\"auto, (max-width: 300px) 100vw, 300px\" \/><\/p>\n","protected":false},"excerpt":{"rendered":"<p>Enguany l&#8217; escola ha iniciat el projecte: EL NOSTRE ENTORN M\u00c9S PROPER. Amb aquest projecte, preten\u00edem treballar en grups redu\u00efts un tipus d&#8217;activitats manipulatives i que tinguessin a veure amb l&#8217;entorn real i proper dels alumnes.<br \/>\nS&#8217; ha pogut dur a terme amb els materials que&hellip;  <a href=\"https:\/\/agora.xtec.cat\/ceip-ignasiiglesias-cornella\/general\/el-nostre-entorn-mes-proper-ime\/\" title=\"Read EL NOSTRE ENTORN M\u00c9S PROPER (IME)\">Llegeix m\u00e9s\u00bb<\/a><\/p>\n","protected":false},"author":4,"featured_media":3389,"comment_status":"open","ping_status":"closed","sticky":false,"template":"","format":"standard","meta":{"_bbp_topic_count":0,"_bbp_reply_count":0,"_bbp_total_topic_count":0,"_bbp_total_reply_count":0,"_bbp_voice_count":0,"_bbp_anonymous_reply_count":0,"_bbp_topic_count_hidden":0,"_bbp_reply_count_hidden":0,"_bbp_forum_subforum_count":0,"footnotes":""},"categories":[10,12,14,1,3,8,9,4],"tags":[643,424,295,572],"class_list":["post-3388","post","type-post","status-publish","format-standard","has-post-thumbnail","hentry","category-cicle-inicial","category-cicle-mitja","category-cicle-superior","category-general","category-p3","category-p4","category-p5","category-portada","tag-entorn","tag-ime","tag-joc","tag-racons"],"post_mailing_queue_ids":[],"_links":{"self":[{"href":"https:\/\/agora.xtec.cat\/ceip-ignasiiglesias-cornella\/wp-json\/wp\/v2\/posts\/3388","targetHints":{"allow":["GET"]}}],"collection":[{"href":"https:\/\/agora.xtec.cat\/ceip-ignasiiglesias-cornella\/wp-json\/wp\/v2\/posts"}],"about":[{"href":"https:\/\/agora.xtec.cat\/ceip-ignasiiglesias-cornella\/wp-json\/wp\/v2\/types\/post"}],"author":[{"embeddable":true,"href":"https:\/\/agora.xtec.cat\/ceip-ignasiiglesias-cornella\/wp-json\/wp\/v2\/users\/4"}],"replies":[{"embeddable":true,"href":"https:\/\/agora.xtec.cat\/ceip-ignasiiglesias-cornella\/wp-json\/wp\/v2\/comments?post=3388"}],"version-history":[{"count":3,"href":"https:\/\/agora.xtec.cat\/ceip-ignasiiglesias-cornella\/wp-json\/wp\/v2\/posts\/3388\/revisions"}],"predecessor-version":[{"id":3397,"href":"https:\/\/agora.xtec.cat\/ceip-ignasiiglesias-cornella\/wp-json\/wp\/v2\/posts\/3388\/revisions\/3397"}],"wp:featuredmedia":[{"embeddable":true,"href":"https:\/\/agora.xtec.cat\/ceip-ignasiiglesias-cornella\/wp-json\/wp\/v2\/media\/3389"}],"wp:attachment":[{"href":"https:\/\/agora.xtec.cat\/ceip-ignasiiglesias-cornella\/wp-json\/wp\/v2\/media?parent=3388"}],"wp:term":[{"taxonomy":"category","embeddable":true,"href":"https:\/\/agora.xtec.cat\/ceip-ignasiiglesias-cornella\/wp-json\/wp\/v2\/categories?post=3388"},{"taxonomy":"post_tag","embeddable":true,"href":"https:\/\/agora.xtec.cat\/ceip-ignasiiglesias-cornella\/wp-json\/wp\/v2\/tags?post=3388"}],"curies":[{"name":"wp","href":"https:\/\/api.w.org\/{rel}","templated":true}]}}