{"id":3353,"date":"2019-06-17T12:31:23","date_gmt":"2019-06-17T10:31:23","guid":{"rendered":"http:\/\/agora.xtec.cat\/ceip-ignasiiglesias-cornella\/?p=3353"},"modified":"2019-06-17T12:31:23","modified_gmt":"2019-06-17T10:31:23","slug":"2n-els-cartells-del-cinema","status":"publish","type":"post","link":"https:\/\/agora.xtec.cat\/ceip-ignasiiglesias-cornella\/portada\/2n-els-cartells-del-cinema\/","title":{"rendered":"2n Els cartells del cinema"},"content":{"rendered":"<p><span lang=\"CA\" style=\"margin: 0px; color: #222222; line-height: 115%; font-family: 'Helvetica','sans-serif'; font-size: 11.5pt;\">Els nens i nenes de 2n cont\u00ednuem endinsat en el m\u00f3n del cinema i hem tingut la sort que ens visit\u00e9s el Carlos,\u00a0 l&#8217;avi del Roger. Un dels seus primers oficis va ser dibuixant dels cartells dels cinemes i ens ha pogut explicar com es feien abans. Ten\u00edem moltes preguntes a fer-li i tots i totes hem estat molt motivats, aprenent moltes coses que no en sab\u00edem.\u00a0 Gr\u00e0cies per aquesta visita.<\/span><\/p>\n<p>Si voleu veure les fotos de la sessi\u00f3 cliqueu a la imatge.<a href=\"https:\/\/agora.xtec.cat\/ceip-ignasiiglesias-cornella\/fotos\/cicle-inicial-2018-2019\/\"><img loading=\"lazy\" decoding=\"async\" class=\"aligncenter size-medium wp-image-3354\" src=\"https:\/\/agora.xtec.cat\/ceip-ignasiiglesias-cornella\/wp-content\/uploads\/usu1592\/2019\/06\/casablanca-300x225.jpg\" alt=\"\" width=\"300\" height=\"225\" srcset=\"https:\/\/agora.xtec.cat\/ceip-ignasiiglesias-cornella\/wp-content\/uploads\/usu1592\/2019\/06\/casablanca-300x225.jpg 300w, https:\/\/agora.xtec.cat\/ceip-ignasiiglesias-cornella\/wp-content\/uploads\/usu1592\/2019\/06\/casablanca-200x150.jpg 200w, https:\/\/agora.xtec.cat\/ceip-ignasiiglesias-cornella\/wp-content\/uploads\/usu1592\/2019\/06\/casablanca.jpg 535w\" sizes=\"auto, (max-width: 300px) 100vw, 300px\" \/><\/a><\/p>\n","protected":false},"excerpt":{"rendered":"<p>Els nens i nenes de 2n cont\u00ednuem endinsat en el m\u00f3n del cinema i hem tingut la sort que ens visit\u00e9s el Carlos,\u00a0 l&#8217;avi del Roger. Un dels seus primers oficis va ser dibuixant dels cartells dels cinemes i ens ha pogut explicar com es&hellip;  <a href=\"https:\/\/agora.xtec.cat\/ceip-ignasiiglesias-cornella\/portada\/2n-els-cartells-del-cinema\/\" title=\"Read 2n Els cartells del cinema\">Llegeix m\u00e9s\u00bb<\/a><\/p>\n","protected":false},"author":1,"featured_media":3354,"comment_status":"open","ping_status":"closed","sticky":false,"template":"","format":"standard","meta":{"_bbp_topic_count":0,"_bbp_reply_count":0,"_bbp_total_topic_count":0,"_bbp_total_reply_count":0,"_bbp_voice_count":0,"_bbp_anonymous_reply_count":0,"_bbp_topic_count_hidden":0,"_bbp_reply_count_hidden":0,"_bbp_forum_subforum_count":0,"footnotes":""},"categories":[10,4,5],"tags":[637,310,140],"class_list":["post-3353","post","type-post","status-publish","format-standard","has-post-thumbnail","hentry","category-cicle-inicial","category-portada","category-primaria","tag-cartellera","tag-cicleinicial","tag-cinema"],"post_mailing_queue_ids":[],"_links":{"self":[{"href":"https:\/\/agora.xtec.cat\/ceip-ignasiiglesias-cornella\/wp-json\/wp\/v2\/posts\/3353","targetHints":{"allow":["GET"]}}],"collection":[{"href":"https:\/\/agora.xtec.cat\/ceip-ignasiiglesias-cornella\/wp-json\/wp\/v2\/posts"}],"about":[{"href":"https:\/\/agora.xtec.cat\/ceip-ignasiiglesias-cornella\/wp-json\/wp\/v2\/types\/post"}],"author":[{"embeddable":true,"href":"https:\/\/agora.xtec.cat\/ceip-ignasiiglesias-cornella\/wp-json\/wp\/v2\/users\/1"}],"replies":[{"embeddable":true,"href":"https:\/\/agora.xtec.cat\/ceip-ignasiiglesias-cornella\/wp-json\/wp\/v2\/comments?post=3353"}],"version-history":[{"count":2,"href":"https:\/\/agora.xtec.cat\/ceip-ignasiiglesias-cornella\/wp-json\/wp\/v2\/posts\/3353\/revisions"}],"predecessor-version":[{"id":3361,"href":"https:\/\/agora.xtec.cat\/ceip-ignasiiglesias-cornella\/wp-json\/wp\/v2\/posts\/3353\/revisions\/3361"}],"wp:featuredmedia":[{"embeddable":true,"href":"https:\/\/agora.xtec.cat\/ceip-ignasiiglesias-cornella\/wp-json\/wp\/v2\/media\/3354"}],"wp:attachment":[{"href":"https:\/\/agora.xtec.cat\/ceip-ignasiiglesias-cornella\/wp-json\/wp\/v2\/media?parent=3353"}],"wp:term":[{"taxonomy":"category","embeddable":true,"href":"https:\/\/agora.xtec.cat\/ceip-ignasiiglesias-cornella\/wp-json\/wp\/v2\/categories?post=3353"},{"taxonomy":"post_tag","embeddable":true,"href":"https:\/\/agora.xtec.cat\/ceip-ignasiiglesias-cornella\/wp-json\/wp\/v2\/tags?post=3353"}],"curies":[{"name":"wp","href":"https:\/\/api.w.org\/{rel}","templated":true}]}}