{"id":3338,"date":"2019-06-07T00:05:46","date_gmt":"2019-06-06T22:05:46","guid":{"rendered":"http:\/\/agora.xtec.cat\/ceip-ignasiiglesias-cornella\/?p=3338"},"modified":"2019-09-28T15:41:03","modified_gmt":"2019-09-28T13:41:03","slug":"5e-cantania-a-de-brossa","status":"publish","type":"post","link":"https:\/\/agora.xtec.cat\/ceip-ignasiiglesias-cornella\/portada\/5e-cantania-a-de-brossa\/","title":{"rendered":"5\u00e8. Cant\u00e0nia A de Brossa"},"content":{"rendered":"<p>El divendres passat, 31 de maig, les nenes i nens de 5\u00e8 van fer el concert de l&#8217;activitat Cant\u00e0nia a l&#8217; Auditori de Barcelona. Una vegada m\u00e9s, l&#8217; experi\u00e8ncia ha estat fant\u00e0stica!!!<\/p>\n<p>He trobat un video per youtube justament del nostre espectacle! aix\u00ed que aqu\u00ed us el deixo per si voleu donar-hi un cop d&#8217; ull.<\/p>\n<p><iframe loading=\"lazy\" src=\"https:\/\/www.youtube.com\/embed\/WzGK6gwlAbk\" width=\"560\" height=\"315\" frameborder=\"0\" allowfullscreen=\"allowfullscreen\"><\/iframe><\/p>\n<p>Anirem penjant les fotos que ens arribin de les fam\u00edlies. De moment, les que tenim les trobareu a la galeria d&#8217; imatges de Cicle Superior.<\/p>\n<p><a href=\"https:\/\/agora.xtec.cat\/ceip-ignasiiglesias-cornella\/fotos\/cicle-superior-2018-2019\/\"><img loading=\"lazy\" decoding=\"async\" class=\"aligncenter size-medium wp-image-2802\" src=\"https:\/\/agora.xtec.cat\/ceip-ignasiiglesias-cornella\/wp-content\/uploads\/usu1592\/2019\/02\/Portada_A_de_Brossa-300x300.jpg\" alt=\"\" width=\"300\" height=\"300\" \/><\/a><\/p>\n","protected":false},"excerpt":{"rendered":"<p>El divendres passat, 31 de maig, les nenes i nens de 5\u00e8 van fer el concert de l&#8217;activitat Cant\u00e0nia a l&#8217; Auditori de Barcelona. Una vegada m\u00e9s, l&#8217; experi\u00e8ncia ha estat fant\u00e0stica!!!<br \/>\nHe trobat un video per youtube justament del nostre espectacle! aix\u00ed que aqu\u00ed us&hellip;  <a href=\"https:\/\/agora.xtec.cat\/ceip-ignasiiglesias-cornella\/portada\/5e-cantania-a-de-brossa\/\" title=\"Read 5\u00e8. Cant\u00e0nia A de Brossa\">Llegeix m\u00e9s\u00bb<\/a><\/p>\n","protected":false},"author":4,"featured_media":0,"comment_status":"open","ping_status":"closed","sticky":false,"template":"","format":"standard","meta":{"_bbp_topic_count":0,"_bbp_reply_count":0,"_bbp_total_topic_count":0,"_bbp_total_reply_count":0,"_bbp_voice_count":0,"_bbp_anonymous_reply_count":0,"_bbp_topic_count_hidden":0,"_bbp_reply_count_hidden":0,"_bbp_forum_subforum_count":0,"footnotes":""},"categories":[14,72,4],"tags":[283,636,281],"class_list":["post-3338","post","type-post","status-publish","format-standard","hentry","category-cicle-superior","category-musica","category-portada","tag-auditori","tag-brossa","tag-cantania"],"post_mailing_queue_ids":[],"_links":{"self":[{"href":"https:\/\/agora.xtec.cat\/ceip-ignasiiglesias-cornella\/wp-json\/wp\/v2\/posts\/3338","targetHints":{"allow":["GET"]}}],"collection":[{"href":"https:\/\/agora.xtec.cat\/ceip-ignasiiglesias-cornella\/wp-json\/wp\/v2\/posts"}],"about":[{"href":"https:\/\/agora.xtec.cat\/ceip-ignasiiglesias-cornella\/wp-json\/wp\/v2\/types\/post"}],"author":[{"embeddable":true,"href":"https:\/\/agora.xtec.cat\/ceip-ignasiiglesias-cornella\/wp-json\/wp\/v2\/users\/4"}],"replies":[{"embeddable":true,"href":"https:\/\/agora.xtec.cat\/ceip-ignasiiglesias-cornella\/wp-json\/wp\/v2\/comments?post=3338"}],"version-history":[{"count":2,"href":"https:\/\/agora.xtec.cat\/ceip-ignasiiglesias-cornella\/wp-json\/wp\/v2\/posts\/3338\/revisions"}],"predecessor-version":[{"id":3340,"href":"https:\/\/agora.xtec.cat\/ceip-ignasiiglesias-cornella\/wp-json\/wp\/v2\/posts\/3338\/revisions\/3340"}],"wp:attachment":[{"href":"https:\/\/agora.xtec.cat\/ceip-ignasiiglesias-cornella\/wp-json\/wp\/v2\/media?parent=3338"}],"wp:term":[{"taxonomy":"category","embeddable":true,"href":"https:\/\/agora.xtec.cat\/ceip-ignasiiglesias-cornella\/wp-json\/wp\/v2\/categories?post=3338"},{"taxonomy":"post_tag","embeddable":true,"href":"https:\/\/agora.xtec.cat\/ceip-ignasiiglesias-cornella\/wp-json\/wp\/v2\/tags?post=3338"}],"curies":[{"name":"wp","href":"https:\/\/api.w.org\/{rel}","templated":true}]}}