{"id":3310,"date":"2019-06-04T12:56:01","date_gmt":"2019-06-04T10:56:01","guid":{"rendered":"http:\/\/agora.xtec.cat\/ceip-ignasiiglesias-cornella\/?p=3310"},"modified":"2019-06-04T12:56:01","modified_gmt":"2019-06-04T10:56:01","slug":"projecte-edulab-entrega-dels-robots-a-infantil","status":"publish","type":"post","link":"https:\/\/agora.xtec.cat\/ceip-ignasiiglesias-cornella\/infantil\/projecte-edulab-entrega-dels-robots-a-infantil\/","title":{"rendered":"Projecte EDULAB. Entrega dels robots a Infantil"},"content":{"rendered":"<p>Com sabeu, aquest any l&#8217;escola esta participant en el <a href=\"https:\/\/agora.xtec.cat\/ceip-ignasiiglesias-cornella\/projecte-educatiu\/robotica-edulab\/\">projecte Edulab<\/a> del Citilab de Cornell\u00e0 de Llobregat. Els nens i nenes de 6\u00e8 porten uns mesos treballant en la creaci\u00f3 de 6 robots pels nens i nenes d&#8217;infantil. Ha estat tot un proc\u00e9s d&#8217;aprenentatge i que just ahir i avui han pogut finalitzar baixant a les aules dels m\u00e9s petits de l&#8217;escola a fer-los entrega dels robots i de tot un paquet d&#8217;activitats programades.<\/p>\n<p>Entreu i cliqueu a la imatge per veure totes les fotos d&#8217;aquest moment tan especial.<\/p>\n<p><a href=\"https:\/\/agora.xtec.cat\/ceip-ignasiiglesias-cornella\/fotos\/educacio-infantil-2018-2019\/\"><img loading=\"lazy\" decoding=\"async\" class=\"alignnone wp-image-3311 size-medium\" src=\"https:\/\/agora.xtec.cat\/ceip-ignasiiglesias-cornella\/wp-content\/uploads\/usu1592\/2019\/06\/IMG_20190603_095952-e1559568670302-300x225.jpg\" alt=\"\" width=\"300\" height=\"225\" srcset=\"https:\/\/agora.xtec.cat\/ceip-ignasiiglesias-cornella\/wp-content\/uploads\/usu1592\/2019\/06\/IMG_20190603_095952-e1559568670302-300x225.jpg 300w, https:\/\/agora.xtec.cat\/ceip-ignasiiglesias-cornella\/wp-content\/uploads\/usu1592\/2019\/06\/IMG_20190603_095952-e1559568670302-200x150.jpg 200w, https:\/\/agora.xtec.cat\/ceip-ignasiiglesias-cornella\/wp-content\/uploads\/usu1592\/2019\/06\/IMG_20190603_095952-e1559568670302.jpg 759w\" sizes=\"auto, (max-width: 300px) 100vw, 300px\" \/><\/a><\/p>\n<p>&nbsp;<\/p>\n","protected":false},"excerpt":{"rendered":"<p>Com sabeu, aquest any l&#8217;escola esta participant en el <a href=\"https:\/\/agora.xtec.cat\/ceip-ignasiiglesias-cornella\/projecte-educatiu\/robotica-edulab\/\">projecte Edulab<\/a> del Citilab de Cornell\u00e0 de Llobregat. Els nens i nenes de 6\u00e8 porten uns mesos treballant en la creaci\u00f3 de 6 robots pels nens i nenes d&#8217;infantil. Ha estat tot un proc\u00e9s d&#8217;aprenentatge&hellip;  <a href=\"https:\/\/agora.xtec.cat\/ceip-ignasiiglesias-cornella\/infantil\/projecte-edulab-entrega-dels-robots-a-infantil\/\" title=\"Read Projecte EDULAB. Entrega dels robots a Infantil\">Llegeix m\u00e9s\u00bb<\/a><\/p>\n","protected":false},"author":1,"featured_media":3311,"comment_status":"open","ping_status":"closed","sticky":false,"template":"","format":"standard","meta":{"_bbp_topic_count":0,"_bbp_reply_count":0,"_bbp_total_topic_count":0,"_bbp_total_reply_count":0,"_bbp_voice_count":0,"_bbp_anonymous_reply_count":0,"_bbp_topic_count_hidden":0,"_bbp_reply_count_hidden":0,"_bbp_forum_subforum_count":0,"footnotes":""},"categories":[14,2,3,8,9,4,5],"tags":[631,633,391,632,629,630,353,563],"class_list":["post-3310","post","type-post","status-publish","format-standard","has-post-thumbnail","hentry","category-cicle-superior","category-infantil","category-p3","category-p4","category-p5","category-portada","category-primaria","tag-beeboots","tag-citilab","tag-cornella","tag-edulab","tag-infantil-superior","tag-informatica","tag-robotica","tag-robots"],"post_mailing_queue_ids":[],"_links":{"self":[{"href":"https:\/\/agora.xtec.cat\/ceip-ignasiiglesias-cornella\/wp-json\/wp\/v2\/posts\/3310","targetHints":{"allow":["GET"]}}],"collection":[{"href":"https:\/\/agora.xtec.cat\/ceip-ignasiiglesias-cornella\/wp-json\/wp\/v2\/posts"}],"about":[{"href":"https:\/\/agora.xtec.cat\/ceip-ignasiiglesias-cornella\/wp-json\/wp\/v2\/types\/post"}],"author":[{"embeddable":true,"href":"https:\/\/agora.xtec.cat\/ceip-ignasiiglesias-cornella\/wp-json\/wp\/v2\/users\/1"}],"replies":[{"embeddable":true,"href":"https:\/\/agora.xtec.cat\/ceip-ignasiiglesias-cornella\/wp-json\/wp\/v2\/comments?post=3310"}],"version-history":[{"count":3,"href":"https:\/\/agora.xtec.cat\/ceip-ignasiiglesias-cornella\/wp-json\/wp\/v2\/posts\/3310\/revisions"}],"predecessor-version":[{"id":3315,"href":"https:\/\/agora.xtec.cat\/ceip-ignasiiglesias-cornella\/wp-json\/wp\/v2\/posts\/3310\/revisions\/3315"}],"wp:featuredmedia":[{"embeddable":true,"href":"https:\/\/agora.xtec.cat\/ceip-ignasiiglesias-cornella\/wp-json\/wp\/v2\/media\/3311"}],"wp:attachment":[{"href":"https:\/\/agora.xtec.cat\/ceip-ignasiiglesias-cornella\/wp-json\/wp\/v2\/media?parent=3310"}],"wp:term":[{"taxonomy":"category","embeddable":true,"href":"https:\/\/agora.xtec.cat\/ceip-ignasiiglesias-cornella\/wp-json\/wp\/v2\/categories?post=3310"},{"taxonomy":"post_tag","embeddable":true,"href":"https:\/\/agora.xtec.cat\/ceip-ignasiiglesias-cornella\/wp-json\/wp\/v2\/tags?post=3310"}],"curies":[{"name":"wp","href":"https:\/\/api.w.org\/{rel}","templated":true}]}}