{"id":3292,"date":"2019-05-22T16:38:52","date_gmt":"2019-05-22T14:38:52","guid":{"rendered":"http:\/\/agora.xtec.cat\/ceip-ignasiiglesias-cornella\/?p=3292"},"modified":"2019-05-31T15:38:32","modified_gmt":"2019-05-31T13:38:32","slug":"final-de-curs-18-19-danses-al-pavello","status":"publish","type":"post","link":"https:\/\/agora.xtec.cat\/ceip-ignasiiglesias-cornella\/portada\/final-de-curs-18-19-danses-al-pavello\/","title":{"rendered":"Final de curs 18-19. Danses al pavell\u00f3"},"content":{"rendered":"<p><strong><span style=\"color: #000000;\">Benvolgudes fam\u00edlies!<\/span><\/strong><\/p>\n<p><span style=\"color: #0000ff;\">El proper dimecres 19\u00a0 de juny farem la tradicional exhibici\u00f3 de danses com a cloenda del curs 18-19 (al pavell\u00f3 Can Carbonell).<br \/>\n<\/span><\/p>\n<p><span style=\"color: #00ccff;\">L&#8217;acte tindr\u00e0 lloc a les 9:30 (P3, P4, P5 1r i 2n),\u00a0 i les 10:30\u00a0 (3r, 4t, 5\u00e8 i 6\u00e8), per\u00f2 les fam\u00edlies podreu accedir a les 9:15 sense tenir que presentar una entrada.<\/span><\/p>\n<p><span style=\"color: #0000ff;\">Iniciaran l&#8217;actuaci\u00f3 el grup de P3 i continuaran en ordre ascendent fins al grup de sis\u00e8. Els veterans i veteranes de l&#8217;escola acomiadaran l&#8217;acte amb la seva actuaci\u00f3.<\/span><\/p>\n<p><strong><span style=\"color: #000000;\">Us esperem a tots i a totes.<\/span><\/strong><\/p>\n<p><img loading=\"lazy\" decoding=\"async\" class=\"size-full wp-image-2933 aligncenter\" src=\"https:\/\/agora.xtec.cat\/ceip-ignasiiglesias-cornella\/wp-content\/uploads\/usu1592\/2019\/03\/descarga-2.pnginfants2.png\" alt=\"\" width=\"298\" height=\"169\" \/><\/p>\n","protected":false},"excerpt":{"rendered":"<p>Benvolgudes fam\u00edlies!<br \/>\nEl proper dimecres 19\u00a0 de juny farem la tradicional exhibici\u00f3 de danses com a cloenda del curs 18-19 (al pavell\u00f3 Can Carbonell).<\/p>\n<p>L&#8217;acte tindr\u00e0 lloc a les 9:30 (P3, P4, P5 1r i 2n),\u00a0 i les 10:30\u00a0 (3r, 4t, 5\u00e8 i 6\u00e8), per\u00f2 les fam\u00edlies&hellip;  <a href=\"https:\/\/agora.xtec.cat\/ceip-ignasiiglesias-cornella\/portada\/final-de-curs-18-19-danses-al-pavello\/\" title=\"Read Final de curs 18-19. Danses al pavell\u00f3\">Llegeix m\u00e9s\u00bb<\/a><\/p>\n","protected":false},"author":1,"featured_media":0,"comment_status":"closed","ping_status":"closed","sticky":false,"template":"","format":"standard","meta":{"_bbp_topic_count":0,"_bbp_reply_count":0,"_bbp_total_topic_count":0,"_bbp_total_reply_count":0,"_bbp_voice_count":0,"_bbp_anonymous_reply_count":0,"_bbp_topic_count_hidden":0,"_bbp_reply_count_hidden":0,"_bbp_forum_subforum_count":0,"footnotes":""},"categories":[4],"tags":[246,142,622],"class_list":["post-3292","post","type-post","status-publish","format-standard","hentry","category-portada","tag-danses","tag-festival","tag-final-curs"],"post_mailing_queue_ids":[],"_links":{"self":[{"href":"https:\/\/agora.xtec.cat\/ceip-ignasiiglesias-cornella\/wp-json\/wp\/v2\/posts\/3292","targetHints":{"allow":["GET"]}}],"collection":[{"href":"https:\/\/agora.xtec.cat\/ceip-ignasiiglesias-cornella\/wp-json\/wp\/v2\/posts"}],"about":[{"href":"https:\/\/agora.xtec.cat\/ceip-ignasiiglesias-cornella\/wp-json\/wp\/v2\/types\/post"}],"author":[{"embeddable":true,"href":"https:\/\/agora.xtec.cat\/ceip-ignasiiglesias-cornella\/wp-json\/wp\/v2\/users\/1"}],"replies":[{"embeddable":true,"href":"https:\/\/agora.xtec.cat\/ceip-ignasiiglesias-cornella\/wp-json\/wp\/v2\/comments?post=3292"}],"version-history":[{"count":2,"href":"https:\/\/agora.xtec.cat\/ceip-ignasiiglesias-cornella\/wp-json\/wp\/v2\/posts\/3292\/revisions"}],"predecessor-version":[{"id":3296,"href":"https:\/\/agora.xtec.cat\/ceip-ignasiiglesias-cornella\/wp-json\/wp\/v2\/posts\/3292\/revisions\/3296"}],"wp:attachment":[{"href":"https:\/\/agora.xtec.cat\/ceip-ignasiiglesias-cornella\/wp-json\/wp\/v2\/media?parent=3292"}],"wp:term":[{"taxonomy":"category","embeddable":true,"href":"https:\/\/agora.xtec.cat\/ceip-ignasiiglesias-cornella\/wp-json\/wp\/v2\/categories?post=3292"},{"taxonomy":"post_tag","embeddable":true,"href":"https:\/\/agora.xtec.cat\/ceip-ignasiiglesias-cornella\/wp-json\/wp\/v2\/tags?post=3292"}],"curies":[{"name":"wp","href":"https:\/\/api.w.org\/{rel}","templated":true}]}}