{"id":3273,"date":"2019-05-17T09:53:46","date_gmt":"2019-05-17T07:53:46","guid":{"rendered":"http:\/\/agora.xtec.cat\/ceip-ignasiiglesias-cornella\/?p=3273"},"modified":"2019-05-17T09:53:46","modified_gmt":"2019-05-17T07:53:46","slug":"4t-1000-raons-per-cantar-2","status":"publish","type":"post","link":"https:\/\/agora.xtec.cat\/ceip-ignasiiglesias-cornella\/portada\/4t-1000-raons-per-cantar-2\/","title":{"rendered":"4t. 1000 raons per cantar"},"content":{"rendered":"<p>El dimarts passat, 14 de maig, les nenes i els nens de 4t van interpretar el musical 1000 raons per cantar a la sala Barts de Barcelona. Va ser una experi\u00e8ncia \u00fanica producte de temps d&#8217;esfor\u00e7 i dedicaci\u00f3 per part de l&#8217; escola, els\/les mestres i el personal de l&#8217; organitzaci\u00f3 de l&#8217;espectacle&#8230; per\u00f2 sobretot, de les alumnes i els alumnes de 4t, que han estat les\/els veritables protagonistes del show!<\/p>\n<p>Moltes felicitats a tothom!<\/p>\n<p><a href=\"https:\/\/agora.xtec.cat\/ceip-ignasiiglesias-cornella\/fotos\/cicle-mitja-2018-2019\/\"><img loading=\"lazy\" decoding=\"async\" class=\"aligncenter size-medium wp-image-2805\" src=\"https:\/\/agora.xtec.cat\/ceip-ignasiiglesias-cornella\/wp-content\/uploads\/usu1592\/2019\/02\/20180530_0859Captura-300x216.jpg\" alt=\"\" width=\"300\" height=\"216\" \/><\/a><\/p>\n","protected":false},"excerpt":{"rendered":"<p>El dimarts passat, 14 de maig, les nenes i els nens de 4t van interpretar el musical 1000 raons per cantar a la sala Barts de Barcelona. Va ser una experi\u00e8ncia \u00fanica producte de temps d&#8217;esfor\u00e7 i dedicaci\u00f3 per part de l&#8217; escola, els\/les mestres&hellip;  <a href=\"https:\/\/agora.xtec.cat\/ceip-ignasiiglesias-cornella\/portada\/4t-1000-raons-per-cantar-2\/\" title=\"Read 4t. 1000 raons per cantar\">Llegeix m\u00e9s\u00bb<\/a><\/p>\n","protected":false},"author":4,"featured_media":0,"comment_status":"open","ping_status":"closed","sticky":false,"template":"","format":"standard","meta":{"_bbp_topic_count":0,"_bbp_reply_count":0,"_bbp_total_topic_count":0,"_bbp_total_reply_count":0,"_bbp_voice_count":0,"_bbp_anonymous_reply_count":0,"_bbp_topic_count_hidden":0,"_bbp_reply_count_hidden":0,"_bbp_forum_subforum_count":0,"footnotes":""},"categories":[12,72,4],"tags":[604,605],"class_list":["post-3273","post","type-post","status-publish","format-standard","hentry","category-cicle-mitja","category-musica","category-portada","tag-musical","tag-sala-barts"],"post_mailing_queue_ids":[],"_links":{"self":[{"href":"https:\/\/agora.xtec.cat\/ceip-ignasiiglesias-cornella\/wp-json\/wp\/v2\/posts\/3273","targetHints":{"allow":["GET"]}}],"collection":[{"href":"https:\/\/agora.xtec.cat\/ceip-ignasiiglesias-cornella\/wp-json\/wp\/v2\/posts"}],"about":[{"href":"https:\/\/agora.xtec.cat\/ceip-ignasiiglesias-cornella\/wp-json\/wp\/v2\/types\/post"}],"author":[{"embeddable":true,"href":"https:\/\/agora.xtec.cat\/ceip-ignasiiglesias-cornella\/wp-json\/wp\/v2\/users\/4"}],"replies":[{"embeddable":true,"href":"https:\/\/agora.xtec.cat\/ceip-ignasiiglesias-cornella\/wp-json\/wp\/v2\/comments?post=3273"}],"version-history":[{"count":1,"href":"https:\/\/agora.xtec.cat\/ceip-ignasiiglesias-cornella\/wp-json\/wp\/v2\/posts\/3273\/revisions"}],"predecessor-version":[{"id":3275,"href":"https:\/\/agora.xtec.cat\/ceip-ignasiiglesias-cornella\/wp-json\/wp\/v2\/posts\/3273\/revisions\/3275"}],"wp:attachment":[{"href":"https:\/\/agora.xtec.cat\/ceip-ignasiiglesias-cornella\/wp-json\/wp\/v2\/media?parent=3273"}],"wp:term":[{"taxonomy":"category","embeddable":true,"href":"https:\/\/agora.xtec.cat\/ceip-ignasiiglesias-cornella\/wp-json\/wp\/v2\/categories?post=3273"},{"taxonomy":"post_tag","embeddable":true,"href":"https:\/\/agora.xtec.cat\/ceip-ignasiiglesias-cornella\/wp-json\/wp\/v2\/tags?post=3273"}],"curies":[{"name":"wp","href":"https:\/\/api.w.org\/{rel}","templated":true}]}}