{"id":3217,"date":"2019-05-09T19:14:04","date_gmt":"2019-05-09T17:14:04","guid":{"rendered":"http:\/\/agora.xtec.cat\/ceip-ignasiiglesias-cornella\/?p=3217"},"modified":"2019-05-09T19:25:37","modified_gmt":"2019-05-09T17:25:37","slug":"p3-visca-els-ungles-de-colors","status":"publish","type":"post","link":"https:\/\/agora.xtec.cat\/ceip-ignasiiglesias-cornella\/infantil\/p3-visca-els-ungles-de-colors\/","title":{"rendered":"P3. Visca les ungles de colors!"},"content":{"rendered":"<p style=\"text-align: center;\">Durant aquesta setmana les nenes i els nens de P3 hem llegit un dels contes que ens van regalar per Sant Jordi, el conte: <strong>VISCA LES UNGLES DE COLORS!<\/strong> El protagonista del conte \u00e9s un nen que va a l&#8217;escola amb les ungles pintades perqu\u00e8 li agrada fins que uns nens de la seva classe es burlen d&#8217;ell&#8230;<\/p>\n<p><img loading=\"lazy\" decoding=\"async\" class=\"alignnone size-medium wp-image-3221\" src=\"https:\/\/agora.xtec.cat\/ceip-ignasiiglesias-cornella\/wp-content\/uploads\/usu1592\/2019\/05\/IMG_2049-300x225.jpg\" alt=\"\" width=\"300\" height=\"225\" srcset=\"https:\/\/agora.xtec.cat\/ceip-ignasiiglesias-cornella\/wp-content\/uploads\/usu1592\/2019\/05\/IMG_2049-300x225.jpg 300w, https:\/\/agora.xtec.cat\/ceip-ignasiiglesias-cornella\/wp-content\/uploads\/usu1592\/2019\/05\/IMG_2049-768x576.jpg 768w, https:\/\/agora.xtec.cat\/ceip-ignasiiglesias-cornella\/wp-content\/uploads\/usu1592\/2019\/05\/IMG_2049-200x150.jpg 200w, https:\/\/agora.xtec.cat\/ceip-ignasiiglesias-cornella\/wp-content\/uploads\/usu1592\/2019\/05\/IMG_2049.jpg 983w\" sizes=\"auto, (max-width: 300px) 100vw, 300px\" \/><\/p>\n<p>Vam fer conversa sobre aquesta situaci\u00f3 i, tant els dinosaures com els barrufets, de seguida es van adonar que tothom pot portar les ungles pintades sigui nen o nena, l&#8217;important \u00e9s que a un mateix li agradi. No hi ha coses de nens ni coses de nenes.<\/p>\n<p>Despr\u00e9s vam proposar fer l&#8217;activitat de pintar-nos les ungles de colorins i tothom ho va gaudir molt\u00edssim! Va ser una oportunitat molt enriquidora. Al llarg del dia totes les nenes i nens llu\u00efen amb goig les seves ungles pintades.<\/p>\n<p>Si voleu veure les fotos, cliqueu a la foto i busqueu l&#8217;\u00e0lbum de &#8220;contes&#8221;. All\u00e0 tamb\u00e9 podreu veure d&#8217;altres activitats que hem fet en relaci\u00f3 a d&#8217;altres contes que tamb\u00e9 treballen aspectes de coeducaci\u00f3, diversitat, cooperaci\u00f3&#8230;<\/p>\n<p><a href=\"https:\/\/agora.xtec.cat\/ceip-ignasiiglesias-cornella\/fotos\/educacio-infantil-2018-2019\/\"><img loading=\"lazy\" decoding=\"async\" class=\"alignnone size-medium wp-image-3218\" src=\"https:\/\/agora.xtec.cat\/ceip-ignasiiglesias-cornella\/wp-content\/uploads\/usu1592\/2019\/05\/IMG_2045-300x225.jpg\" alt=\"\" width=\"300\" height=\"225\" srcset=\"https:\/\/agora.xtec.cat\/ceip-ignasiiglesias-cornella\/wp-content\/uploads\/usu1592\/2019\/05\/IMG_2045-300x225.jpg 300w, https:\/\/agora.xtec.cat\/ceip-ignasiiglesias-cornella\/wp-content\/uploads\/usu1592\/2019\/05\/IMG_2045-768x576.jpg 768w, https:\/\/agora.xtec.cat\/ceip-ignasiiglesias-cornella\/wp-content\/uploads\/usu1592\/2019\/05\/IMG_2045-200x150.jpg 200w, https:\/\/agora.xtec.cat\/ceip-ignasiiglesias-cornella\/wp-content\/uploads\/usu1592\/2019\/05\/IMG_2045.jpg 983w\" sizes=\"auto, (max-width: 300px) 100vw, 300px\" \/><\/a><\/p>\n<p>&nbsp;<\/p>\n","protected":false},"excerpt":{"rendered":"<p>Durant aquesta setmana les nenes i els nens de P3 hem llegit un dels contes que ens van regalar per Sant Jordi, el conte: VISCA LES UNGLES DE COLORS! El protagonista del conte \u00e9s un nen que va a l&#8217;escola amb les ungles pintades perqu\u00e8&hellip;  <a href=\"https:\/\/agora.xtec.cat\/ceip-ignasiiglesias-cornella\/infantil\/p3-visca-els-ungles-de-colors\/\" title=\"Read P3. Visca les ungles de colors!\">Llegeix m\u00e9s\u00bb<\/a><\/p>\n","protected":false},"author":1,"featured_media":3218,"comment_status":"open","ping_status":"closed","sticky":false,"template":"","format":"standard","meta":{"_bbp_topic_count":0,"_bbp_reply_count":0,"_bbp_total_topic_count":0,"_bbp_total_reply_count":0,"_bbp_voice_count":0,"_bbp_anonymous_reply_count":0,"_bbp_topic_count_hidden":0,"_bbp_reply_count_hidden":0,"_bbp_forum_subforum_count":0,"footnotes":""},"categories":[2,3,4],"tags":[485,611,89,484,85,92,613,612],"class_list":["post-3217","post","type-post","status-publish","format-standard","has-post-thumbnail","hentry","category-infantil","category-p3","category-portada","tag-barrufets","tag-coeducacio","tag-contes","tag-dinosaures","tag-infantil","tag-p3","tag-pintades","tag-ungles"],"post_mailing_queue_ids":[],"_links":{"self":[{"href":"https:\/\/agora.xtec.cat\/ceip-ignasiiglesias-cornella\/wp-json\/wp\/v2\/posts\/3217","targetHints":{"allow":["GET"]}}],"collection":[{"href":"https:\/\/agora.xtec.cat\/ceip-ignasiiglesias-cornella\/wp-json\/wp\/v2\/posts"}],"about":[{"href":"https:\/\/agora.xtec.cat\/ceip-ignasiiglesias-cornella\/wp-json\/wp\/v2\/types\/post"}],"author":[{"embeddable":true,"href":"https:\/\/agora.xtec.cat\/ceip-ignasiiglesias-cornella\/wp-json\/wp\/v2\/users\/1"}],"replies":[{"embeddable":true,"href":"https:\/\/agora.xtec.cat\/ceip-ignasiiglesias-cornella\/wp-json\/wp\/v2\/comments?post=3217"}],"version-history":[{"count":3,"href":"https:\/\/agora.xtec.cat\/ceip-ignasiiglesias-cornella\/wp-json\/wp\/v2\/posts\/3217\/revisions"}],"predecessor-version":[{"id":3230,"href":"https:\/\/agora.xtec.cat\/ceip-ignasiiglesias-cornella\/wp-json\/wp\/v2\/posts\/3217\/revisions\/3230"}],"wp:featuredmedia":[{"embeddable":true,"href":"https:\/\/agora.xtec.cat\/ceip-ignasiiglesias-cornella\/wp-json\/wp\/v2\/media\/3218"}],"wp:attachment":[{"href":"https:\/\/agora.xtec.cat\/ceip-ignasiiglesias-cornella\/wp-json\/wp\/v2\/media?parent=3217"}],"wp:term":[{"taxonomy":"category","embeddable":true,"href":"https:\/\/agora.xtec.cat\/ceip-ignasiiglesias-cornella\/wp-json\/wp\/v2\/categories?post=3217"},{"taxonomy":"post_tag","embeddable":true,"href":"https:\/\/agora.xtec.cat\/ceip-ignasiiglesias-cornella\/wp-json\/wp\/v2\/tags?post=3217"}],"curies":[{"name":"wp","href":"https:\/\/api.w.org\/{rel}","templated":true}]}}