{"id":3164,"date":"2019-04-28T16:32:37","date_gmt":"2019-04-28T14:32:37","guid":{"rendered":"http:\/\/agora.xtec.cat\/ceip-ignasiiglesias-cornella\/?p=3164"},"modified":"2019-04-28T16:32:37","modified_gmt":"2019-04-28T14:32:37","slug":"4t-assaig-d-actrius-i-actors","status":"publish","type":"post","link":"https:\/\/agora.xtec.cat\/ceip-ignasiiglesias-cornella\/primaria\/cicle-mitja\/4t-assaig-d-actrius-i-actors\/","title":{"rendered":"4t. Assaig d&#8217; actrius i actors"},"content":{"rendered":"<p>El dissabte 27 les alumnes i els alumnes de 4t que fan d&#8217;actrius i d&#8217;actors al Musical participatiu, van anar a l&#8217;escola de m\u00fasica &#8220;Musicart 102&#8221; a practicar les escenes en les quals intervenen. Ens ho vam passar molt b\u00e9! i vam gaudir i aprendre molt de l&#8217;experi\u00e8ncia.<\/p>\n<p>El proper dimarts 14 de Maig ser\u00e0 la nostra actuaci\u00f3 a la sala Barts del paral\u00b7lel. Us hi esperem!<\/p>\n<p><img loading=\"lazy\" decoding=\"async\" class=\"aligncenter wp-image-3165 size-large\" src=\"https:\/\/agora.xtec.cat\/ceip-ignasiiglesias-cornella\/wp-content\/uploads\/usu1592\/2019\/04\/IMG_20190427_200813-1024x768.jpg\" alt=\"\" width=\"1024\" height=\"768\" \/><\/p>\n<p>&nbsp;<\/p>\n","protected":false},"excerpt":{"rendered":"<p>El dissabte 27 les alumnes i els alumnes de 4t que fan d&#8217;actrius i d&#8217;actors al Musical participatiu, van anar a l&#8217;escola de m\u00fasica &#8220;Musicart 102&#8221; a practicar les escenes en les quals intervenen. Ens ho vam passar molt b\u00e9! i vam gaudir i aprendre&hellip;  <a href=\"https:\/\/agora.xtec.cat\/ceip-ignasiiglesias-cornella\/primaria\/cicle-mitja\/4t-assaig-d-actrius-i-actors\/\" title=\"Read 4t. Assaig d&#8217; actrius i actors\">Llegeix m\u00e9s\u00bb<\/a><\/p>\n","protected":false},"author":4,"featured_media":0,"comment_status":"open","ping_status":"closed","sticky":false,"template":"","format":"standard","meta":{"_bbp_topic_count":0,"_bbp_reply_count":0,"_bbp_total_topic_count":0,"_bbp_total_reply_count":0,"_bbp_voice_count":0,"_bbp_anonymous_reply_count":0,"_bbp_topic_count_hidden":0,"_bbp_reply_count_hidden":0,"_bbp_forum_subforum_count":0,"footnotes":""},"categories":[12,72],"tags":[550,604,605],"class_list":["post-3164","post","type-post","status-publish","format-standard","hentry","category-cicle-mitja","category-musica","tag-1000-raons-per-cantar","tag-musical","tag-sala-barts"],"post_mailing_queue_ids":[],"_links":{"self":[{"href":"https:\/\/agora.xtec.cat\/ceip-ignasiiglesias-cornella\/wp-json\/wp\/v2\/posts\/3164","targetHints":{"allow":["GET"]}}],"collection":[{"href":"https:\/\/agora.xtec.cat\/ceip-ignasiiglesias-cornella\/wp-json\/wp\/v2\/posts"}],"about":[{"href":"https:\/\/agora.xtec.cat\/ceip-ignasiiglesias-cornella\/wp-json\/wp\/v2\/types\/post"}],"author":[{"embeddable":true,"href":"https:\/\/agora.xtec.cat\/ceip-ignasiiglesias-cornella\/wp-json\/wp\/v2\/users\/4"}],"replies":[{"embeddable":true,"href":"https:\/\/agora.xtec.cat\/ceip-ignasiiglesias-cornella\/wp-json\/wp\/v2\/comments?post=3164"}],"version-history":[{"count":1,"href":"https:\/\/agora.xtec.cat\/ceip-ignasiiglesias-cornella\/wp-json\/wp\/v2\/posts\/3164\/revisions"}],"predecessor-version":[{"id":3166,"href":"https:\/\/agora.xtec.cat\/ceip-ignasiiglesias-cornella\/wp-json\/wp\/v2\/posts\/3164\/revisions\/3166"}],"wp:attachment":[{"href":"https:\/\/agora.xtec.cat\/ceip-ignasiiglesias-cornella\/wp-json\/wp\/v2\/media?parent=3164"}],"wp:term":[{"taxonomy":"category","embeddable":true,"href":"https:\/\/agora.xtec.cat\/ceip-ignasiiglesias-cornella\/wp-json\/wp\/v2\/categories?post=3164"},{"taxonomy":"post_tag","embeddable":true,"href":"https:\/\/agora.xtec.cat\/ceip-ignasiiglesias-cornella\/wp-json\/wp\/v2\/tags?post=3164"}],"curies":[{"name":"wp","href":"https:\/\/api.w.org\/{rel}","templated":true}]}}