{"id":3143,"date":"2019-04-26T23:46:47","date_gmt":"2019-04-26T21:46:47","guid":{"rendered":"http:\/\/agora.xtec.cat\/ceip-ignasiiglesias-cornella\/?p=3143"},"modified":"2019-04-26T23:46:47","modified_gmt":"2019-04-26T21:46:47","slug":"sant-jordi-2019","status":"publish","type":"post","link":"https:\/\/agora.xtec.cat\/ceip-ignasiiglesias-cornella\/infantil\/sant-jordi-2019\/","title":{"rendered":"SANT JORDI 2019"},"content":{"rendered":"<p>El passat dijous 25 d&#8217; abril vam celebrar la festa de Sant Jordi a l&#8217; escola. Vam fer un mat\u00ed de tallers al pati: activitats esportives, punts de llibre, pedres pintades, bombolles, tatuatges de henna, broquetes de fruita, jocs d&#8217;aigua, maquillatge, taller de reciclatge&#8230;<\/p>\n<p>Tot plegat amb l&#8217;ajuda d&#8217; un grup de mares i pares que han col\u00b7laborat aconseguint que, un any m\u00e9s, la festa sigui un gran \u00e8xit!<\/p>\n<p>Per la tarda les activitats han estat molt variades:<\/p>\n<p>A les classes de prim\u00e0ria els alumnes m\u00e9s grans han preparat i representat contes, hist\u00f2ries, endevinalles&#8230; per als infants m\u00e9s petits de 1r, 2n i 3r. En acabar, han compartit una estona de joc plegats.<\/p>\n<p>A Educaci\u00f3 infantil les fam\u00edlies han entrat a les aules a explicar contes.<\/p>\n<p>Visiteu les galeries de fotos per veure les imatges de la festa. \u00a0 <a href=\"https:\/\/agora.xtec.cat\/ceip-ignasiiglesias-cornella\/fotos\/educacio-infantil-2018-2019\/\" target=\"_blank\" rel=\"noopener\">E. INFANTIL<\/a> \u00a0 \u00a0 <a href=\"https:\/\/agora.xtec.cat\/ceip-ignasiiglesias-cornella\/fotos\/cicle-inicial-2018-2019\/\" target=\"_blank\" rel=\"noopener\">C. INICIAL<\/a> \u00a0 \u00a0 <a href=\"https:\/\/agora.xtec.cat\/ceip-ignasiiglesias-cornella\/fotos\/cicle-mitja-2018-2019\/\" target=\"_blank\" rel=\"noopener\">C. MITJ\u00c0<\/a> \u00a0 \u00a0 <a href=\"https:\/\/agora.xtec.cat\/ceip-ignasiiglesias-cornella\/fotos\/cicle-superior-2018-2019\/\" target=\"_blank\" rel=\"noopener\">C. SUPERIOR<\/a><\/p>\n<p><img loading=\"lazy\" decoding=\"async\" class=\"aligncenter size-medium wp-image-3135\" src=\"https:\/\/agora.xtec.cat\/ceip-ignasiiglesias-cornella\/wp-content\/uploads\/usu1592\/2019\/04\/sant-jordi-i-la-princesa-1-1030x608-300x177.jpg\" alt=\"\" width=\"300\" height=\"177\" srcset=\"https:\/\/agora.xtec.cat\/ceip-ignasiiglesias-cornella\/wp-content\/uploads\/usu1592\/2019\/04\/sant-jordi-i-la-princesa-1-1030x608-300x177.jpg 300w, https:\/\/agora.xtec.cat\/ceip-ignasiiglesias-cornella\/wp-content\/uploads\/usu1592\/2019\/04\/sant-jordi-i-la-princesa-1-1030x608-768x453.jpg 768w, https:\/\/agora.xtec.cat\/ceip-ignasiiglesias-cornella\/wp-content\/uploads\/usu1592\/2019\/04\/sant-jordi-i-la-princesa-1-1030x608-1024x604.jpg 1024w, https:\/\/agora.xtec.cat\/ceip-ignasiiglesias-cornella\/wp-content\/uploads\/usu1592\/2019\/04\/sant-jordi-i-la-princesa-1-1030x608.jpg 1030w\" sizes=\"auto, (max-width: 300px) 100vw, 300px\" \/><\/p>\n<p>&nbsp;<\/p>\n","protected":false},"excerpt":{"rendered":"<p>El passat dijous 25 d&#8217; abril vam celebrar la festa de Sant Jordi a l&#8217; escola. Vam fer un mat\u00ed de tallers al pati: activitats esportives, punts de llibre, pedres pintades, bombolles, tatuatges de henna, broquetes de fruita, jocs d&#8217;aigua, maquillatge, taller de reciclatge&#8230;<br \/>\nTot plegat&hellip;  <a href=\"https:\/\/agora.xtec.cat\/ceip-ignasiiglesias-cornella\/infantil\/sant-jordi-2019\/\" title=\"Read SANT JORDI 2019\">Llegeix m\u00e9s\u00bb<\/a><\/p>\n","protected":false},"author":4,"featured_media":3135,"comment_status":"open","ping_status":"closed","sticky":false,"template":"","format":"standard","meta":{"_bbp_topic_count":0,"_bbp_reply_count":0,"_bbp_total_topic_count":0,"_bbp_total_reply_count":0,"_bbp_voice_count":0,"_bbp_anonymous_reply_count":0,"_bbp_topic_count_hidden":0,"_bbp_reply_count_hidden":0,"_bbp_forum_subforum_count":0,"footnotes":""},"categories":[10,12,14,74,2,3,8,9,4,5],"tags":[89,602,164],"class_list":["post-3143","post","type-post","status-publish","format-standard","has-post-thumbnail","hentry","category-cicle-inicial","category-cicle-mitja","category-cicle-superior","category-festes","category-infantil","category-p3","category-p4","category-p5","category-portada","category-primaria","tag-contes","tag-sant-jordi","tag-tallers"],"post_mailing_queue_ids":[],"_links":{"self":[{"href":"https:\/\/agora.xtec.cat\/ceip-ignasiiglesias-cornella\/wp-json\/wp\/v2\/posts\/3143","targetHints":{"allow":["GET"]}}],"collection":[{"href":"https:\/\/agora.xtec.cat\/ceip-ignasiiglesias-cornella\/wp-json\/wp\/v2\/posts"}],"about":[{"href":"https:\/\/agora.xtec.cat\/ceip-ignasiiglesias-cornella\/wp-json\/wp\/v2\/types\/post"}],"author":[{"embeddable":true,"href":"https:\/\/agora.xtec.cat\/ceip-ignasiiglesias-cornella\/wp-json\/wp\/v2\/users\/4"}],"replies":[{"embeddable":true,"href":"https:\/\/agora.xtec.cat\/ceip-ignasiiglesias-cornella\/wp-json\/wp\/v2\/comments?post=3143"}],"version-history":[{"count":2,"href":"https:\/\/agora.xtec.cat\/ceip-ignasiiglesias-cornella\/wp-json\/wp\/v2\/posts\/3143\/revisions"}],"predecessor-version":[{"id":3163,"href":"https:\/\/agora.xtec.cat\/ceip-ignasiiglesias-cornella\/wp-json\/wp\/v2\/posts\/3143\/revisions\/3163"}],"wp:featuredmedia":[{"embeddable":true,"href":"https:\/\/agora.xtec.cat\/ceip-ignasiiglesias-cornella\/wp-json\/wp\/v2\/media\/3135"}],"wp:attachment":[{"href":"https:\/\/agora.xtec.cat\/ceip-ignasiiglesias-cornella\/wp-json\/wp\/v2\/media?parent=3143"}],"wp:term":[{"taxonomy":"category","embeddable":true,"href":"https:\/\/agora.xtec.cat\/ceip-ignasiiglesias-cornella\/wp-json\/wp\/v2\/categories?post=3143"},{"taxonomy":"post_tag","embeddable":true,"href":"https:\/\/agora.xtec.cat\/ceip-ignasiiglesias-cornella\/wp-json\/wp\/v2\/tags?post=3143"}],"curies":[{"name":"wp","href":"https:\/\/api.w.org\/{rel}","templated":true}]}}