{"id":3121,"date":"2019-04-23T14:09:31","date_gmt":"2019-04-23T12:09:31","guid":{"rendered":"http:\/\/agora.xtec.cat\/ceip-ignasiiglesias-cornella\/?p=3121"},"modified":"2019-04-23T14:09:31","modified_gmt":"2019-04-23T12:09:31","slug":"3r-edudansa-2","status":"publish","type":"post","link":"https:\/\/agora.xtec.cat\/ceip-ignasiiglesias-cornella\/portada\/3r-edudansa-2\/","title":{"rendered":"3r. Edudansa"},"content":{"rendered":"<p>El passat divendres 5 d&#8217; abril les nenes i nens de 3r van realitzar l&#8217;activitat Edudansa a la pla\u00e7a de Sant Ildefons. Van ballar l&#8217; adaptaci\u00f3 rumbera de la can\u00e7o SOL SOLET \u00a0(de Landry el Rumbero) \u00a0i, finalment, el ball de la <a href=\"https:\/\/ca.wikipedia.org\/wiki\/La_Gallarda_del_Pou\">Gallarda del Pou<\/a>, dansa tradicional de Cornell\u00e0. Cliqueu la foto per veure&#8217;n m\u00e9s.<\/p>\n<p><a href=\"https:\/\/agora.xtec.cat\/ceip-ignasiiglesias-cornella\/fotos\/cicle-mitja-2018-2019\/\"><img loading=\"lazy\" decoding=\"async\" class=\"aligncenter size-medium wp-image-2377\" src=\"https:\/\/agora.xtec.cat\/ceip-ignasiiglesias-cornella\/wp-content\/uploads\/usu1592\/2018\/10\/circulo-de-amigos-300x300.jpg\" alt=\"\" width=\"300\" height=\"300\" srcset=\"https:\/\/agora.xtec.cat\/ceip-ignasiiglesias-cornella\/wp-content\/uploads\/usu1592\/2018\/10\/circulo-de-amigos-300x300.jpg 300w, https:\/\/agora.xtec.cat\/ceip-ignasiiglesias-cornella\/wp-content\/uploads\/usu1592\/2018\/10\/circulo-de-amigos-150x150.jpg 150w, https:\/\/agora.xtec.cat\/ceip-ignasiiglesias-cornella\/wp-content\/uploads\/usu1592\/2018\/10\/circulo-de-amigos.jpg 500w\" sizes=\"auto, (max-width: 300px) 100vw, 300px\" \/><\/a><\/p>\n","protected":false},"excerpt":{"rendered":"<p>El passat divendres 5 d&#8217; abril les nenes i nens de 3r van realitzar l&#8217;activitat Edudansa a la pla\u00e7a de Sant Ildefons. Van ballar l&#8217; adaptaci\u00f3 rumbera de la can\u00e7o SOL SOLET \u00a0(de Landry el Rumbero) \u00a0i, finalment, el ball de la <a href=\"https:\/\/ca.wikipedia.org\/wiki\/La_Gallarda_del_Pou\">Gallarda del&hellip;  <a href=\"https:\/\/agora.xtec.cat\/ceip-ignasiiglesias-cornella\/portada\/3r-edudansa-2\/\" title=\"Read 3r. Edudansa\">Llegeix m\u00e9s\u00bb<\/a><\/p>\n","protected":false},"author":4,"featured_media":2377,"comment_status":"open","ping_status":"closed","sticky":false,"template":"","format":"standard","meta":{"_bbp_topic_count":0,"_bbp_reply_count":0,"_bbp_total_topic_count":0,"_bbp_total_reply_count":0,"_bbp_voice_count":0,"_bbp_anonymous_reply_count":0,"_bbp_topic_count_hidden":0,"_bbp_reply_count_hidden":0,"_bbp_forum_subforum_count":0,"footnotes":""},"categories":[12,72,4],"tags":[409,600,601],"class_list":["post-3121","post","type-post","status-publish","format-standard","has-post-thumbnail","hentry","category-cicle-mitja","category-musica","category-portada","tag-edudansa","tag-gallarda-del-pou","tag-sol-solet"],"post_mailing_queue_ids":[],"_links":{"self":[{"href":"https:\/\/agora.xtec.cat\/ceip-ignasiiglesias-cornella\/wp-json\/wp\/v2\/posts\/3121","targetHints":{"allow":["GET"]}}],"collection":[{"href":"https:\/\/agora.xtec.cat\/ceip-ignasiiglesias-cornella\/wp-json\/wp\/v2\/posts"}],"about":[{"href":"https:\/\/agora.xtec.cat\/ceip-ignasiiglesias-cornella\/wp-json\/wp\/v2\/types\/post"}],"author":[{"embeddable":true,"href":"https:\/\/agora.xtec.cat\/ceip-ignasiiglesias-cornella\/wp-json\/wp\/v2\/users\/4"}],"replies":[{"embeddable":true,"href":"https:\/\/agora.xtec.cat\/ceip-ignasiiglesias-cornella\/wp-json\/wp\/v2\/comments?post=3121"}],"version-history":[{"count":2,"href":"https:\/\/agora.xtec.cat\/ceip-ignasiiglesias-cornella\/wp-json\/wp\/v2\/posts\/3121\/revisions"}],"predecessor-version":[{"id":3124,"href":"https:\/\/agora.xtec.cat\/ceip-ignasiiglesias-cornella\/wp-json\/wp\/v2\/posts\/3121\/revisions\/3124"}],"wp:featuredmedia":[{"embeddable":true,"href":"https:\/\/agora.xtec.cat\/ceip-ignasiiglesias-cornella\/wp-json\/wp\/v2\/media\/2377"}],"wp:attachment":[{"href":"https:\/\/agora.xtec.cat\/ceip-ignasiiglesias-cornella\/wp-json\/wp\/v2\/media?parent=3121"}],"wp:term":[{"taxonomy":"category","embeddable":true,"href":"https:\/\/agora.xtec.cat\/ceip-ignasiiglesias-cornella\/wp-json\/wp\/v2\/categories?post=3121"},{"taxonomy":"post_tag","embeddable":true,"href":"https:\/\/agora.xtec.cat\/ceip-ignasiiglesias-cornella\/wp-json\/wp\/v2\/tags?post=3121"}],"curies":[{"name":"wp","href":"https:\/\/api.w.org\/{rel}","templated":true}]}}