{"id":3100,"date":"2019-04-20T20:56:02","date_gmt":"2019-04-20T18:56:02","guid":{"rendered":"http:\/\/agora.xtec.cat\/ceip-ignasiiglesias-cornella\/?p=3100"},"modified":"2019-04-20T21:05:48","modified_gmt":"2019-04-20T19:05:48","slug":"i-bastonada-de-l-ignasi-iglesias","status":"publish","type":"post","link":"https:\/\/agora.xtec.cat\/ceip-ignasiiglesias-cornella\/general\/i-bastonada-de-l-ignasi-iglesias\/","title":{"rendered":"I BASTONADA DE L&#8217; IGNASI IGLESIAS"},"content":{"rendered":"<p>El darrer divendres 12 d&#8217; abril vam celebrar a l&#8217; escola la primera Bastonada de l&#8217; Ignasi Iglesias.<\/p>\n<p>Els\/les alumnes de 1r a 6\u00e8 van ballar al pati els balls de bastons que havien practicat\u00a0 les darreres setmanes del trimestre. Nom\u00e9s amb una excepci\u00f3, les nenes i nens de 3r, que van fer exhibici\u00f3 del ball &#8220;Sol solet&#8221; que van interpretar el darrer 5 d&#8217; abril a l&#8217; activitat de l&#8217; Edudansa.<\/p>\n<p>La bastonada ha estat un gran \u00e8xit i una activitat fant\u00e0stica per acomiadar el trimestre i donar la benvinguda a les vacances de Setmana Santa!<\/p>\n<p>Agra\u00efm l&#8217;assist\u00e8ncia de les nenes i els nens de P3 i P4 a aquesta primera trobada bastonera.<\/p>\n<p>Clicant la foto podreu veure les imatges de la festa i els videos dels balls.<\/p>\n<p><a href=\"https:\/\/photos.app.goo.gl\/heq32EVPaVwh1VkT6\" target=\"_blank\" rel=\"noopener\"><img loading=\"lazy\" decoding=\"async\" class=\"aligncenter wp-image-3102 size-medium\" src=\"https:\/\/agora.xtec.cat\/ceip-ignasiiglesias-cornella\/wp-content\/uploads\/usu1592\/2019\/04\/SvZjSrQc_400x400-300x300.jpg\" alt=\"\" width=\"300\" height=\"300\" srcset=\"https:\/\/agora.xtec.cat\/ceip-ignasiiglesias-cornella\/wp-content\/uploads\/usu1592\/2019\/04\/SvZjSrQc_400x400-300x300.jpg 300w, https:\/\/agora.xtec.cat\/ceip-ignasiiglesias-cornella\/wp-content\/uploads\/usu1592\/2019\/04\/SvZjSrQc_400x400-150x150.jpg 150w, https:\/\/agora.xtec.cat\/ceip-ignasiiglesias-cornella\/wp-content\/uploads\/usu1592\/2019\/04\/SvZjSrQc_400x400.jpg 400w\" sizes=\"auto, (max-width: 300px) 100vw, 300px\" \/><\/a><\/p>\n<p>Una mica d&#8217; informaci\u00f3 dels balls que han fet els nens i nenes de l&#8217;escola&#8230;<\/p>\n<p><strong>1r. LA MUIXERANGA<\/strong> de La F\u00famiga (Amb Pere Joan de La Gossa Sorda)<\/p>\n<p>Ball d&#8217; Antoni Gomis<\/p>\n<p><strong>2n. CAN\u00c7\u00d3 DE LA ROSA DE PAPER<\/strong> de Pellikana (amb Javi &#8220;Marsiano&#8221;)<\/p>\n<p>Ball d&#8217;Antoni Gomis<\/p>\n<p><strong>3r. SOL SOLET<\/strong> de Landry el Rumbero<\/p>\n<p>Ball del &#8220;Dansa Ara&#8221; interpretat tamb\u00e9 a l&#8217;activitat EDUDANSA<\/p>\n<p><strong>4t. LA POLCA D&#8217;HOUSE<\/strong> del grup La Boina<\/p>\n<p>Ball: Adaptaci\u00f3 del Ball de les Bastoneres de Cornell\u00e0<\/p>\n<p><strong>5\u00e8. DOLORS DE MUNT<\/strong> de The Bombins<\/p>\n<p>Ball de Mireia Font<\/p>\n<p><strong>6\u00e8. CAN&#8217;T STOP THE FEELING<\/strong> de Justin Timberlake (adaptaci\u00f3 amb gralla)<\/p>\n<p>Ball: Adaptaci\u00f3 del Ball &#8220;Trolls&#8221; de les Bastoneres de Cornell\u00e0<\/p>\n","protected":false},"excerpt":{"rendered":"<p>El darrer divendres 12 d&#8217; abril vam celebrar a l&#8217; escola la primera Bastonada de l&#8217; Ignasi Iglesias.<br \/>\nEls\/les alumnes de 1r a 6\u00e8 van ballar al pati els balls de bastons que havien practicat\u00a0 les darreres setmanes del trimestre. Nom\u00e9s amb una excepci\u00f3, les nenes&hellip;  <a href=\"https:\/\/agora.xtec.cat\/ceip-ignasiiglesias-cornella\/general\/i-bastonada-de-l-ignasi-iglesias\/\" title=\"Read I BASTONADA DE L&#8217; IGNASI IGLESIAS\">Llegeix m\u00e9s\u00bb<\/a><\/p>\n","protected":false},"author":4,"featured_media":3102,"comment_status":"open","ping_status":"closed","sticky":false,"template":"","format":"standard","meta":{"_bbp_topic_count":0,"_bbp_reply_count":0,"_bbp_total_topic_count":0,"_bbp_total_reply_count":0,"_bbp_voice_count":0,"_bbp_anonymous_reply_count":0,"_bbp_topic_count_hidden":0,"_bbp_reply_count_hidden":0,"_bbp_forum_subforum_count":0,"footnotes":""},"categories":[10,12,14,1,72,4],"tags":[598,597,599,363],"class_list":["post-3100","post","type-post","status-publish","format-standard","has-post-thumbnail","hentry","category-cicle-inicial","category-cicle-mitja","category-cicle-superior","category-general","category-musica","category-portada","tag-ball-de-bastons","tag-bastonada","tag-bastoneres","tag-bastons"],"post_mailing_queue_ids":[],"_links":{"self":[{"href":"https:\/\/agora.xtec.cat\/ceip-ignasiiglesias-cornella\/wp-json\/wp\/v2\/posts\/3100","targetHints":{"allow":["GET"]}}],"collection":[{"href":"https:\/\/agora.xtec.cat\/ceip-ignasiiglesias-cornella\/wp-json\/wp\/v2\/posts"}],"about":[{"href":"https:\/\/agora.xtec.cat\/ceip-ignasiiglesias-cornella\/wp-json\/wp\/v2\/types\/post"}],"author":[{"embeddable":true,"href":"https:\/\/agora.xtec.cat\/ceip-ignasiiglesias-cornella\/wp-json\/wp\/v2\/users\/4"}],"replies":[{"embeddable":true,"href":"https:\/\/agora.xtec.cat\/ceip-ignasiiglesias-cornella\/wp-json\/wp\/v2\/comments?post=3100"}],"version-history":[{"count":3,"href":"https:\/\/agora.xtec.cat\/ceip-ignasiiglesias-cornella\/wp-json\/wp\/v2\/posts\/3100\/revisions"}],"predecessor-version":[{"id":3114,"href":"https:\/\/agora.xtec.cat\/ceip-ignasiiglesias-cornella\/wp-json\/wp\/v2\/posts\/3100\/revisions\/3114"}],"wp:featuredmedia":[{"embeddable":true,"href":"https:\/\/agora.xtec.cat\/ceip-ignasiiglesias-cornella\/wp-json\/wp\/v2\/media\/3102"}],"wp:attachment":[{"href":"https:\/\/agora.xtec.cat\/ceip-ignasiiglesias-cornella\/wp-json\/wp\/v2\/media?parent=3100"}],"wp:term":[{"taxonomy":"category","embeddable":true,"href":"https:\/\/agora.xtec.cat\/ceip-ignasiiglesias-cornella\/wp-json\/wp\/v2\/categories?post=3100"},{"taxonomy":"post_tag","embeddable":true,"href":"https:\/\/agora.xtec.cat\/ceip-ignasiiglesias-cornella\/wp-json\/wp\/v2\/tags?post=3100"}],"curies":[{"name":"wp","href":"https:\/\/api.w.org\/{rel}","templated":true}]}}