{"id":3018,"date":"2019-04-03T20:37:51","date_gmt":"2019-04-03T18:37:51","guid":{"rendered":"http:\/\/agora.xtec.cat\/ceip-ignasiiglesias-cornella\/?p=3018"},"modified":"2019-04-03T20:48:50","modified_gmt":"2019-04-03T18:48:50","slug":"cm-karate","status":"publish","type":"post","link":"https:\/\/agora.xtec.cat\/ceip-ignasiiglesias-cornella\/general\/cm-karate\/","title":{"rendered":"CM. Karate"},"content":{"rendered":"<p><span style=\"font-weight: 400;\">Els\/les nens\/es del cicle mig, durant tres setmanes, hem fet karate a una de les dues sessions setmanals d\u2019Educaci\u00f3 F\u00edsica. Aquesta art marcial japonesa ens ha ensenyat a controlar el nostre cos: l\u2019equilibri, la postura, la flexibilitat, els reflexes i tamb\u00e9 la meditaci\u00f3. Tot aix\u00f2 t\u00e9 molt a veure amb el que aprenien els cavallers Jedi per poder controlar la for\u00e7a o en Bruce Wayne (Bat man) per poder lluitar contra el mal. Han estat tres sessions molt enriquidores i interessants de la m\u00e0 del professor de karate (Sensei) en Daniel.<\/span><\/p>\n<p>Cliqueu la foto per accedir a la galeria:<\/p>\n<p><a href=\"https:\/\/agora.xtec.cat\/ceip-ignasiiglesias-cornella\/fotos\/cicle-mitja-2018-2019\/\" target=\"_blank\" rel=\"noopener\"><img loading=\"lazy\" decoding=\"async\" class=\"aligncenter wp-image-3021 size-medium\" src=\"https:\/\/agora.xtec.cat\/ceip-ignasiiglesias-cornella\/wp-content\/uploads\/usu1592\/2019\/04\/Los_mejores_karatecas_del_siglo_XX_1024x1024-300x186.jpg\" alt=\"\" width=\"300\" height=\"186\" srcset=\"https:\/\/agora.xtec.cat\/ceip-ignasiiglesias-cornella\/wp-content\/uploads\/usu1592\/2019\/04\/Los_mejores_karatecas_del_siglo_XX_1024x1024-300x186.jpg 300w, https:\/\/agora.xtec.cat\/ceip-ignasiiglesias-cornella\/wp-content\/uploads\/usu1592\/2019\/04\/Los_mejores_karatecas_del_siglo_XX_1024x1024-768x476.jpg 768w, https:\/\/agora.xtec.cat\/ceip-ignasiiglesias-cornella\/wp-content\/uploads\/usu1592\/2019\/04\/Los_mejores_karatecas_del_siglo_XX_1024x1024.jpg 1024w\" sizes=\"auto, (max-width: 300px) 100vw, 300px\" \/><\/a><\/p>\n","protected":false},"excerpt":{"rendered":"<p>Els\/les nens\/es del cicle mig, durant tres setmanes, hem fet karate a una de les dues sessions setmanals d\u2019Educaci\u00f3 F\u00edsica. Aquesta art marcial japonesa ens ha ensenyat a controlar el nostre cos: l\u2019equilibri, la postura, la flexibilitat, els reflexes i tamb\u00e9 la meditaci\u00f3. Tot aix\u00f2&hellip;  <a href=\"https:\/\/agora.xtec.cat\/ceip-ignasiiglesias-cornella\/general\/cm-karate\/\" title=\"Read CM. Karate\">Llegeix m\u00e9s\u00bb<\/a><\/p>\n","protected":false},"author":4,"featured_media":3021,"comment_status":"open","ping_status":"closed","sticky":false,"template":"","format":"standard","meta":{"_bbp_topic_count":0,"_bbp_reply_count":0,"_bbp_total_topic_count":0,"_bbp_total_reply_count":0,"_bbp_voice_count":0,"_bbp_anonymous_reply_count":0,"_bbp_topic_count_hidden":0,"_bbp_reply_count_hidden":0,"_bbp_forum_subforum_count":0,"footnotes":""},"categories":[12,1,4],"tags":[174,124,584],"class_list":["post-3018","post","type-post","status-publish","format-standard","has-post-thumbnail","hentry","category-cicle-mitja","category-general","category-portada","tag-3r","tag-4t","tag-karate"],"post_mailing_queue_ids":[],"_links":{"self":[{"href":"https:\/\/agora.xtec.cat\/ceip-ignasiiglesias-cornella\/wp-json\/wp\/v2\/posts\/3018","targetHints":{"allow":["GET"]}}],"collection":[{"href":"https:\/\/agora.xtec.cat\/ceip-ignasiiglesias-cornella\/wp-json\/wp\/v2\/posts"}],"about":[{"href":"https:\/\/agora.xtec.cat\/ceip-ignasiiglesias-cornella\/wp-json\/wp\/v2\/types\/post"}],"author":[{"embeddable":true,"href":"https:\/\/agora.xtec.cat\/ceip-ignasiiglesias-cornella\/wp-json\/wp\/v2\/users\/4"}],"replies":[{"embeddable":true,"href":"https:\/\/agora.xtec.cat\/ceip-ignasiiglesias-cornella\/wp-json\/wp\/v2\/comments?post=3018"}],"version-history":[{"count":3,"href":"https:\/\/agora.xtec.cat\/ceip-ignasiiglesias-cornella\/wp-json\/wp\/v2\/posts\/3018\/revisions"}],"predecessor-version":[{"id":3026,"href":"https:\/\/agora.xtec.cat\/ceip-ignasiiglesias-cornella\/wp-json\/wp\/v2\/posts\/3018\/revisions\/3026"}],"wp:featuredmedia":[{"embeddable":true,"href":"https:\/\/agora.xtec.cat\/ceip-ignasiiglesias-cornella\/wp-json\/wp\/v2\/media\/3021"}],"wp:attachment":[{"href":"https:\/\/agora.xtec.cat\/ceip-ignasiiglesias-cornella\/wp-json\/wp\/v2\/media?parent=3018"}],"wp:term":[{"taxonomy":"category","embeddable":true,"href":"https:\/\/agora.xtec.cat\/ceip-ignasiiglesias-cornella\/wp-json\/wp\/v2\/categories?post=3018"},{"taxonomy":"post_tag","embeddable":true,"href":"https:\/\/agora.xtec.cat\/ceip-ignasiiglesias-cornella\/wp-json\/wp\/v2\/tags?post=3018"}],"curies":[{"name":"wp","href":"https:\/\/api.w.org\/{rel}","templated":true}]}}