{"id":3007,"date":"2019-04-08T15:18:22","date_gmt":"2019-04-08T13:18:22","guid":{"rendered":"http:\/\/agora.xtec.cat\/ceip-ignasiiglesias-cornella\/?p=3007"},"modified":"2019-04-08T15:18:22","modified_gmt":"2019-04-08T13:18:22","slug":"p3-ha-arribat-la-primavera","status":"publish","type":"post","link":"https:\/\/agora.xtec.cat\/ceip-ignasiiglesias-cornella\/infantil\/p3-ha-arribat-la-primavera\/","title":{"rendered":"P3. Ha arribat la primavera!"},"content":{"rendered":"<p>Els nens i nenes de P3 hem representat amb pintura, els nostres preciosos arbres que tenim al jardinet. Estan plens de floretes roses i liles i de fulles verdes. Per aix\u00f2, amb pintura i fent servir diferents estris, cadasc\u00fa ha fet una representaci\u00f3 d&#8217;aquests arbres.<\/p>\n<p>Qu\u00e8 important \u00e9s fer activitats a l&#8217;aire lliure! aprofitem el bon temps!<\/p>\n<p>Si voleu veure imatges de l&#8217;activitat cliqueu a la foto.<\/p>\n<p><a href=\"https:\/\/agora.xtec.cat\/ceip-ignasiiglesias-cornella\/fotos\/educacio-infantil-2018-2019\/\"><img loading=\"lazy\" decoding=\"async\" class=\"alignnone size-medium wp-image-3009\" src=\"https:\/\/agora.xtec.cat\/ceip-ignasiiglesias-cornella\/wp-content\/uploads\/usu1592\/2019\/04\/IMG_9478-300x225.jpg\" alt=\"\" width=\"300\" height=\"225\" srcset=\"https:\/\/agora.xtec.cat\/ceip-ignasiiglesias-cornella\/wp-content\/uploads\/usu1592\/2019\/04\/IMG_9478-300x225.jpg 300w, https:\/\/agora.xtec.cat\/ceip-ignasiiglesias-cornella\/wp-content\/uploads\/usu1592\/2019\/04\/IMG_9478-768x576.jpg 768w, https:\/\/agora.xtec.cat\/ceip-ignasiiglesias-cornella\/wp-content\/uploads\/usu1592\/2019\/04\/IMG_9478-1024x768.jpg 1024w, https:\/\/agora.xtec.cat\/ceip-ignasiiglesias-cornella\/wp-content\/uploads\/usu1592\/2019\/04\/IMG_9478-200x150.jpg 200w, https:\/\/agora.xtec.cat\/ceip-ignasiiglesias-cornella\/wp-content\/uploads\/usu1592\/2019\/04\/IMG_9478.jpg 1178w\" sizes=\"auto, (max-width: 300px) 100vw, 300px\" \/><\/a><\/p>\n<p>&nbsp;<\/p>\n","protected":false},"excerpt":{"rendered":"<p>Els nens i nenes de P3 hem representat amb pintura, els nostres preciosos arbres que tenim al jardinet. Estan plens de floretes roses i liles i de fulles verdes. Per aix\u00f2, amb pintura i fent servir diferents estris, cadasc\u00fa ha fet una representaci\u00f3 d&#8217;aquests arbres.<br \/>\nQu\u00e8&hellip;  <a href=\"https:\/\/agora.xtec.cat\/ceip-ignasiiglesias-cornella\/infantil\/p3-ha-arribat-la-primavera\/\" title=\"Read P3. Ha arribat la primavera!\">Llegeix m\u00e9s\u00bb<\/a><\/p>\n","protected":false},"author":1,"featured_media":3009,"comment_status":"open","ping_status":"closed","sticky":false,"template":"","format":"standard","meta":{"_bbp_topic_count":0,"_bbp_reply_count":0,"_bbp_total_topic_count":0,"_bbp_total_reply_count":0,"_bbp_voice_count":0,"_bbp_anonymous_reply_count":0,"_bbp_topic_count_hidden":0,"_bbp_reply_count_hidden":0,"_bbp_forum_subforum_count":0,"footnotes":""},"categories":[2,3],"tags":[85,581,92,17,370],"class_list":["post-3007","post","type-post","status-publish","format-standard","has-post-thumbnail","hentry","category-infantil","category-p3","tag-infantil","tag-jardinet","tag-p3","tag-plastica","tag-primavera"],"post_mailing_queue_ids":[],"_links":{"self":[{"href":"https:\/\/agora.xtec.cat\/ceip-ignasiiglesias-cornella\/wp-json\/wp\/v2\/posts\/3007","targetHints":{"allow":["GET"]}}],"collection":[{"href":"https:\/\/agora.xtec.cat\/ceip-ignasiiglesias-cornella\/wp-json\/wp\/v2\/posts"}],"about":[{"href":"https:\/\/agora.xtec.cat\/ceip-ignasiiglesias-cornella\/wp-json\/wp\/v2\/types\/post"}],"author":[{"embeddable":true,"href":"https:\/\/agora.xtec.cat\/ceip-ignasiiglesias-cornella\/wp-json\/wp\/v2\/users\/1"}],"replies":[{"embeddable":true,"href":"https:\/\/agora.xtec.cat\/ceip-ignasiiglesias-cornella\/wp-json\/wp\/v2\/comments?post=3007"}],"version-history":[{"count":2,"href":"https:\/\/agora.xtec.cat\/ceip-ignasiiglesias-cornella\/wp-json\/wp\/v2\/posts\/3007\/revisions"}],"predecessor-version":[{"id":3010,"href":"https:\/\/agora.xtec.cat\/ceip-ignasiiglesias-cornella\/wp-json\/wp\/v2\/posts\/3007\/revisions\/3010"}],"wp:featuredmedia":[{"embeddable":true,"href":"https:\/\/agora.xtec.cat\/ceip-ignasiiglesias-cornella\/wp-json\/wp\/v2\/media\/3009"}],"wp:attachment":[{"href":"https:\/\/agora.xtec.cat\/ceip-ignasiiglesias-cornella\/wp-json\/wp\/v2\/media?parent=3007"}],"wp:term":[{"taxonomy":"category","embeddable":true,"href":"https:\/\/agora.xtec.cat\/ceip-ignasiiglesias-cornella\/wp-json\/wp\/v2\/categories?post=3007"},{"taxonomy":"post_tag","embeddable":true,"href":"https:\/\/agora.xtec.cat\/ceip-ignasiiglesias-cornella\/wp-json\/wp\/v2\/tags?post=3007"}],"curies":[{"name":"wp","href":"https:\/\/api.w.org\/{rel}","templated":true}]}}