{"id":2970,"date":"2019-03-25T15:40:24","date_gmt":"2019-03-25T14:40:24","guid":{"rendered":"http:\/\/agora.xtec.cat\/ceip-ignasiiglesias-cornella\/?p=2970"},"modified":"2019-03-25T15:44:30","modified_gmt":"2019-03-25T14:44:30","slug":"apadrinament-lector-1r-i-5e","status":"publish","type":"post","link":"https:\/\/agora.xtec.cat\/ceip-ignasiiglesias-cornella\/portada\/apadrinament-lector-1r-i-5e\/","title":{"rendered":"Apadrinament lector (1r i 5\u00e8)"},"content":{"rendered":"<p>Llegir ens fa m\u00e9s grans!<\/p>\n<p>El divendres vam comen\u00e7ar l\u2019apadrinament lector entre els alumnes de 1r i els de 5\u00e8. Els padrins i els fillols es van con\u00e8ixer i van compartir una estona junts on es van explicar els gustos lectors. A trav\u00e9s de l\u2019apadrinament, volem despertar el gust per la lectura dels m\u00e9s petits aix\u00ed com iniciar-se en ella per poder anar agafant flu\u00efdesa. Cada quinze dies, els padrins explicaran un conte als seus fillols que despr\u00e9s deixaran a les classes de 1r per a que els puguin gaudir. <a href=\"https:\/\/agora.xtec.cat\/ceip-ignasiiglesias-cornella\/fotos\/cicle-inicial-2018-2019\/\">Cliqueu aqu\u00ed per veure les imatges.<\/a><\/p>\n<p>&nbsp;<\/p>\n<p><a href=\"https:\/\/agora.xtec.cat\/ceip-ignasiiglesias-cornella\/wp-content\/uploads\/usu1592\/2019\/03\/boy-girl-reading.gif\"><img loading=\"lazy\" decoding=\"async\" class=\"aligncenter size-full wp-image-2971\" src=\"https:\/\/agora.xtec.cat\/ceip-ignasiiglesias-cornella\/wp-content\/uploads\/usu1592\/2019\/03\/boy-girl-reading.gif\" alt=\"\" width=\"640\" height=\"314\" \/><\/a><\/p>\n","protected":false},"excerpt":{"rendered":"<p>Llegir ens fa m\u00e9s grans!<br \/>\nEl divendres vam comen\u00e7ar l\u2019apadrinament lector entre els alumnes de 1r i els de 5\u00e8. Els padrins i els fillols es van con\u00e8ixer i van compartir una estona junts on es van explicar els gustos lectors. A trav\u00e9s de l\u2019apadrinament, volem&hellip;  <a href=\"https:\/\/agora.xtec.cat\/ceip-ignasiiglesias-cornella\/portada\/apadrinament-lector-1r-i-5e\/\" title=\"Read Apadrinament lector (1r i 5\u00e8)\">Llegeix m\u00e9s\u00bb<\/a><\/p>\n","protected":false},"author":8,"featured_media":2971,"comment_status":"open","ping_status":"closed","sticky":false,"template":"","format":"standard","meta":{"_bbp_topic_count":0,"_bbp_reply_count":0,"_bbp_total_topic_count":0,"_bbp_total_reply_count":0,"_bbp_voice_count":0,"_bbp_anonymous_reply_count":0,"_bbp_topic_count_hidden":0,"_bbp_reply_count_hidden":0,"_bbp_forum_subforum_count":0,"footnotes":""},"categories":[10,14,4,5],"tags":[116,119,573,137,135,136,574,537,103,125,138],"class_list":["post-2970","post","type-post","status-publish","format-standard","has-post-thumbnail","hentry","category-cicle-inicial","category-cicle-superior","category-portada","category-primaria","tag-1r","tag-5e","tag-apadrinament-lector","tag-cicle-inicial","tag-cicle-superior","tag-cinque","tag-fantasia","tag-imaginacio","tag-lectura","tag-primaria","tag-primer"],"post_mailing_queue_ids":[],"_links":{"self":[{"href":"https:\/\/agora.xtec.cat\/ceip-ignasiiglesias-cornella\/wp-json\/wp\/v2\/posts\/2970","targetHints":{"allow":["GET"]}}],"collection":[{"href":"https:\/\/agora.xtec.cat\/ceip-ignasiiglesias-cornella\/wp-json\/wp\/v2\/posts"}],"about":[{"href":"https:\/\/agora.xtec.cat\/ceip-ignasiiglesias-cornella\/wp-json\/wp\/v2\/types\/post"}],"author":[{"embeddable":true,"href":"https:\/\/agora.xtec.cat\/ceip-ignasiiglesias-cornella\/wp-json\/wp\/v2\/users\/8"}],"replies":[{"embeddable":true,"href":"https:\/\/agora.xtec.cat\/ceip-ignasiiglesias-cornella\/wp-json\/wp\/v2\/comments?post=2970"}],"version-history":[{"count":3,"href":"https:\/\/agora.xtec.cat\/ceip-ignasiiglesias-cornella\/wp-json\/wp\/v2\/posts\/2970\/revisions"}],"predecessor-version":[{"id":2980,"href":"https:\/\/agora.xtec.cat\/ceip-ignasiiglesias-cornella\/wp-json\/wp\/v2\/posts\/2970\/revisions\/2980"}],"wp:featuredmedia":[{"embeddable":true,"href":"https:\/\/agora.xtec.cat\/ceip-ignasiiglesias-cornella\/wp-json\/wp\/v2\/media\/2971"}],"wp:attachment":[{"href":"https:\/\/agora.xtec.cat\/ceip-ignasiiglesias-cornella\/wp-json\/wp\/v2\/media?parent=2970"}],"wp:term":[{"taxonomy":"category","embeddable":true,"href":"https:\/\/agora.xtec.cat\/ceip-ignasiiglesias-cornella\/wp-json\/wp\/v2\/categories?post=2970"},{"taxonomy":"post_tag","embeddable":true,"href":"https:\/\/agora.xtec.cat\/ceip-ignasiiglesias-cornella\/wp-json\/wp\/v2\/tags?post=2970"}],"curies":[{"name":"wp","href":"https:\/\/api.w.org\/{rel}","templated":true}]}}