{"id":2966,"date":"2019-03-25T15:44:12","date_gmt":"2019-03-25T14:44:12","guid":{"rendered":"http:\/\/agora.xtec.cat\/ceip-ignasiiglesias-cornella\/?p=2966"},"modified":"2019-03-25T15:44:12","modified_gmt":"2019-03-25T14:44:12","slug":"iniciem-els-racons-de-lecto-escriptura","status":"publish","type":"post","link":"https:\/\/agora.xtec.cat\/ceip-ignasiiglesias-cornella\/primaria\/iniciem-els-racons-de-lecto-escriptura\/","title":{"rendered":"Iniciem els racons de lecto-escriptura"},"content":{"rendered":"<p>La setmana passada vam iniciar els racons de lecto-escriptura. Amb ells treballem les grafies, els sons de les lletres, les s\u00edl\u00b7labes i l\u2019escriptura espont\u00e0nia de paraules. Per fer-ho, dividim els grups-classe per poder treballar en petit grup de forma cooperativa i aut\u00f2noma on conjuntament ens ajudem avan\u00e7ar en aquesta \u00e0rea. <a href=\"https:\/\/agora.xtec.cat\/ceip-ignasiiglesias-cornella\/fotos\/cicle-inicial-2018-2019\/\">Cliqueu aqu\u00ed per veure les fotos.<\/a><\/p>\n<p>&nbsp;<\/p>\n<p><a href=\"https:\/\/agora.xtec.cat\/ceip-ignasiiglesias-cornella\/wp-content\/uploads\/usu1592\/2019\/03\/IMG_20190312_153154.jpg\"><img loading=\"lazy\" decoding=\"async\" class=\"size-large wp-image-2968\" src=\"https:\/\/agora.xtec.cat\/ceip-ignasiiglesias-cornella\/wp-content\/uploads\/usu1592\/2019\/03\/IMG_20190312_153154-1024x768.jpg\" alt=\"\" width=\"1024\" height=\"768\" srcset=\"https:\/\/agora.xtec.cat\/ceip-ignasiiglesias-cornella\/wp-content\/uploads\/usu1592\/2019\/03\/IMG_20190312_153154-1024x768.jpg 1024w, https:\/\/agora.xtec.cat\/ceip-ignasiiglesias-cornella\/wp-content\/uploads\/usu1592\/2019\/03\/IMG_20190312_153154-300x225.jpg 300w, https:\/\/agora.xtec.cat\/ceip-ignasiiglesias-cornella\/wp-content\/uploads\/usu1592\/2019\/03\/IMG_20190312_153154-768x576.jpg 768w, https:\/\/agora.xtec.cat\/ceip-ignasiiglesias-cornella\/wp-content\/uploads\/usu1592\/2019\/03\/IMG_20190312_153154-200x150.jpg 200w\" sizes=\"auto, (max-width: 1024px) 100vw, 1024px\" \/><\/a><\/p>\n","protected":false},"excerpt":{"rendered":"<p>La setmana passada vam iniciar els racons de lecto-escriptura. Amb ells treballem les grafies, els sons de les lletres, les s\u00edl\u00b7labes i l\u2019escriptura espont\u00e0nia de paraules. Per fer-ho, dividim els grups-classe per poder treballar en petit grup de forma cooperativa i aut\u00f2noma on conjuntament ens&hellip;  <a href=\"https:\/\/agora.xtec.cat\/ceip-ignasiiglesias-cornella\/primaria\/iniciem-els-racons-de-lecto-escriptura\/\" title=\"Read Iniciem els racons de lecto-escriptura\">Llegeix m\u00e9s\u00bb<\/a><\/p>\n","protected":false},"author":8,"featured_media":2968,"comment_status":"open","ping_status":"closed","sticky":false,"template":"","format":"standard","meta":{"_bbp_topic_count":0,"_bbp_reply_count":0,"_bbp_total_topic_count":0,"_bbp_total_reply_count":0,"_bbp_voice_count":0,"_bbp_anonymous_reply_count":0,"_bbp_topic_count_hidden":0,"_bbp_reply_count_hidden":0,"_bbp_forum_subforum_count":0,"footnotes":""},"categories":[10,5],"tags":[116,137,273,523,125,572],"class_list":["post-2966","post","type-post","status-publish","format-standard","has-post-thumbnail","hentry","category-cicle-inicial","category-primaria","tag-1r","tag-cicle-inicial","tag-lectoescriptura","tag-llenguatge","tag-primaria","tag-racons"],"post_mailing_queue_ids":[],"_links":{"self":[{"href":"https:\/\/agora.xtec.cat\/ceip-ignasiiglesias-cornella\/wp-json\/wp\/v2\/posts\/2966","targetHints":{"allow":["GET"]}}],"collection":[{"href":"https:\/\/agora.xtec.cat\/ceip-ignasiiglesias-cornella\/wp-json\/wp\/v2\/posts"}],"about":[{"href":"https:\/\/agora.xtec.cat\/ceip-ignasiiglesias-cornella\/wp-json\/wp\/v2\/types\/post"}],"author":[{"embeddable":true,"href":"https:\/\/agora.xtec.cat\/ceip-ignasiiglesias-cornella\/wp-json\/wp\/v2\/users\/8"}],"replies":[{"embeddable":true,"href":"https:\/\/agora.xtec.cat\/ceip-ignasiiglesias-cornella\/wp-json\/wp\/v2\/comments?post=2966"}],"version-history":[{"count":2,"href":"https:\/\/agora.xtec.cat\/ceip-ignasiiglesias-cornella\/wp-json\/wp\/v2\/posts\/2966\/revisions"}],"predecessor-version":[{"id":2979,"href":"https:\/\/agora.xtec.cat\/ceip-ignasiiglesias-cornella\/wp-json\/wp\/v2\/posts\/2966\/revisions\/2979"}],"wp:featuredmedia":[{"embeddable":true,"href":"https:\/\/agora.xtec.cat\/ceip-ignasiiglesias-cornella\/wp-json\/wp\/v2\/media\/2968"}],"wp:attachment":[{"href":"https:\/\/agora.xtec.cat\/ceip-ignasiiglesias-cornella\/wp-json\/wp\/v2\/media?parent=2966"}],"wp:term":[{"taxonomy":"category","embeddable":true,"href":"https:\/\/agora.xtec.cat\/ceip-ignasiiglesias-cornella\/wp-json\/wp\/v2\/categories?post=2966"},{"taxonomy":"post_tag","embeddable":true,"href":"https:\/\/agora.xtec.cat\/ceip-ignasiiglesias-cornella\/wp-json\/wp\/v2\/tags?post=2966"}],"curies":[{"name":"wp","href":"https:\/\/api.w.org\/{rel}","templated":true}]}}