{"id":2963,"date":"2019-03-25T15:52:40","date_gmt":"2019-03-25T14:52:40","guid":{"rendered":"http:\/\/agora.xtec.cat\/ceip-ignasiiglesias-cornella\/?p=2963"},"modified":"2019-03-25T15:52:40","modified_gmt":"2019-03-25T14:52:40","slug":"mesurem-sense-regle","status":"publish","type":"post","link":"https:\/\/agora.xtec.cat\/ceip-ignasiiglesias-cornella\/primaria\/mesurem-sense-regle\/","title":{"rendered":"Mesurem sense regle!"},"content":{"rendered":"<p>Les crispetes estem descobrint els pams i les passes. Amb ells podem mesurar qualsevol objecte quotidi\u00e0 sense la necessitat d\u2019utilitzar un regle o una cinta m\u00e8trica. Hem practicat mesurant els bra\u00e7os i les cames dels companys i, despr\u00e9s, hem mesurat superf\u00edcies com la de la classe i la del camp de futbol del pati. Si voleu veure com ho hem fet, <a href=\"https:\/\/agora.xtec.cat\/ceip-ignasiiglesias-cornella\/fotos\/cicle-inicial-2018-2019\/\">cliqueu aqu\u00ed.<\/a><\/p>\n<p>&nbsp;<\/p>\n<figure class=\"figure wp-caption aligncenter\"><a href=\"https:\/\/agora.xtec.cat\/ceip-ignasiiglesias-cornella\/wp-content\/uploads\/usu1592\/2019\/03\/IMG_20190314_113129.jpg\"><img loading=\"lazy\" decoding=\"async\" class=\"size-large wp-image-2964\" src=\"https:\/\/agora.xtec.cat\/ceip-ignasiiglesias-cornella\/wp-content\/uploads\/usu1592\/2019\/03\/IMG_20190314_113129-1024x768.jpg\" alt=\"\" width=\"1024\" height=\"768\" srcset=\"https:\/\/agora.xtec.cat\/ceip-ignasiiglesias-cornella\/wp-content\/uploads\/usu1592\/2019\/03\/IMG_20190314_113129-1024x768.jpg 1024w, https:\/\/agora.xtec.cat\/ceip-ignasiiglesias-cornella\/wp-content\/uploads\/usu1592\/2019\/03\/IMG_20190314_113129-300x225.jpg 300w, https:\/\/agora.xtec.cat\/ceip-ignasiiglesias-cornella\/wp-content\/uploads\/usu1592\/2019\/03\/IMG_20190314_113129-768x576.jpg 768w, https:\/\/agora.xtec.cat\/ceip-ignasiiglesias-cornella\/wp-content\/uploads\/usu1592\/2019\/03\/IMG_20190314_113129-200x150.jpg 200w\" sizes=\"auto, (max-width: 1024px) 100vw, 1024px\" \/><\/a><figcaption class=\"wp-caption-text\">All-focus<\/figcaption><\/figure>\n","protected":false},"excerpt":{"rendered":"<p>Les crispetes estem descobrint els pams i les passes. Amb ells podem mesurar qualsevol objecte quotidi\u00e0 sense la necessitat d\u2019utilitzar un regle o una cinta m\u00e8trica. Hem practicat mesurant els bra\u00e7os i les cames dels companys i, despr\u00e9s, hem mesurat superf\u00edcies com la de la&hellip;  <a href=\"https:\/\/agora.xtec.cat\/ceip-ignasiiglesias-cornella\/primaria\/mesurem-sense-regle\/\" title=\"Read Mesurem sense regle!\">Llegeix m\u00e9s\u00bb<\/a><\/p>\n","protected":false},"author":8,"featured_media":2967,"comment_status":"open","ping_status":"closed","sticky":false,"template":"","format":"standard","meta":{"_bbp_topic_count":0,"_bbp_reply_count":0,"_bbp_total_topic_count":0,"_bbp_total_reply_count":0,"_bbp_voice_count":0,"_bbp_anonymous_reply_count":0,"_bbp_topic_count_hidden":0,"_bbp_reply_count_hidden":0,"_bbp_forum_subforum_count":0,"footnotes":""},"categories":[10,5],"tags":[116,137,456,175,570,571,138],"class_list":["post-2963","post","type-post","status-publish","format-standard","has-post-thumbnail","hentry","category-cicle-inicial","category-primaria","tag-1r","tag-cicle-inicial","tag-crispetes","tag-matematiques","tag-pams","tag-passes","tag-primer"],"post_mailing_queue_ids":[],"_links":{"self":[{"href":"https:\/\/agora.xtec.cat\/ceip-ignasiiglesias-cornella\/wp-json\/wp\/v2\/posts\/2963","targetHints":{"allow":["GET"]}}],"collection":[{"href":"https:\/\/agora.xtec.cat\/ceip-ignasiiglesias-cornella\/wp-json\/wp\/v2\/posts"}],"about":[{"href":"https:\/\/agora.xtec.cat\/ceip-ignasiiglesias-cornella\/wp-json\/wp\/v2\/types\/post"}],"author":[{"embeddable":true,"href":"https:\/\/agora.xtec.cat\/ceip-ignasiiglesias-cornella\/wp-json\/wp\/v2\/users\/8"}],"replies":[{"embeddable":true,"href":"https:\/\/agora.xtec.cat\/ceip-ignasiiglesias-cornella\/wp-json\/wp\/v2\/comments?post=2963"}],"version-history":[{"count":3,"href":"https:\/\/agora.xtec.cat\/ceip-ignasiiglesias-cornella\/wp-json\/wp\/v2\/posts\/2963\/revisions"}],"predecessor-version":[{"id":2986,"href":"https:\/\/agora.xtec.cat\/ceip-ignasiiglesias-cornella\/wp-json\/wp\/v2\/posts\/2963\/revisions\/2986"}],"wp:featuredmedia":[{"embeddable":true,"href":"https:\/\/agora.xtec.cat\/ceip-ignasiiglesias-cornella\/wp-json\/wp\/v2\/media\/2967"}],"wp:attachment":[{"href":"https:\/\/agora.xtec.cat\/ceip-ignasiiglesias-cornella\/wp-json\/wp\/v2\/media?parent=2963"}],"wp:term":[{"taxonomy":"category","embeddable":true,"href":"https:\/\/agora.xtec.cat\/ceip-ignasiiglesias-cornella\/wp-json\/wp\/v2\/categories?post=2963"},{"taxonomy":"post_tag","embeddable":true,"href":"https:\/\/agora.xtec.cat\/ceip-ignasiiglesias-cornella\/wp-json\/wp\/v2\/tags?post=2963"}],"curies":[{"name":"wp","href":"https:\/\/api.w.org\/{rel}","templated":true}]}}