{"id":2956,"date":"2019-03-25T15:47:17","date_gmt":"2019-03-25T14:47:17","guid":{"rendered":"http:\/\/agora.xtec.cat\/ceip-ignasiiglesias-cornella\/?p=2956"},"modified":"2019-03-25T15:48:38","modified_gmt":"2019-03-25T14:48:38","slug":"21-de-marc-dia-mundial-de-la-sindrome-de-down","status":"publish","type":"post","link":"https:\/\/agora.xtec.cat\/ceip-ignasiiglesias-cornella\/portada\/21-de-marc-dia-mundial-de-la-sindrome-de-down\/","title":{"rendered":"21 de Mar\u00e7: Dia Mundial de la S\u00edndrome de Down"},"content":{"rendered":"<p>El 21 de Mar\u00e7 \u00e9s el Dia Internacional de la S\u00edndrome de Down i els nens i nenes de 1r hem volgut aportar el nostre granet de sorra portant un mitj\u00f3 de cada color.\u00a0A m\u00e9s, hem realitzat uns dibuixos per conscienciar-nos que podem ser diferents per fora per\u00f2 IGUALS per dins.<span style=\"font-family: inherit; font-size: 1em;\">\u00a0<\/span><a style=\"font-family: inherit; font-size: 1em;\" href=\"https:\/\/photos.app.goo.gl\/LJJFUPT3QeD7NjPeA\">Cliq<\/a><a href=\"https:\/\/agora.xtec.cat\/ceip-ignasiiglesias-cornella\/fotos\/cicle-inicial-2018-2019\/\">ueu aqu\u00ed.<\/a><\/p>\n<p>&nbsp;<\/p>\n<p><a href=\"https:\/\/agora.xtec.cat\/ceip-ignasiiglesias-cornella\/wp-content\/uploads\/usu1592\/2019\/03\/Noticia_20190321_Internacional_Dia-Down2-1-696x464.jpg\"><img loading=\"lazy\" decoding=\"async\" class=\"aligncenter wp-image-2957 size-full\" src=\"https:\/\/agora.xtec.cat\/ceip-ignasiiglesias-cornella\/wp-content\/uploads\/usu1592\/2019\/03\/Noticia_20190321_Internacional_Dia-Down2-1-696x464.jpg\" alt=\"\" width=\"696\" height=\"464\" srcset=\"https:\/\/agora.xtec.cat\/ceip-ignasiiglesias-cornella\/wp-content\/uploads\/usu1592\/2019\/03\/Noticia_20190321_Internacional_Dia-Down2-1-696x464.jpg 696w, https:\/\/agora.xtec.cat\/ceip-ignasiiglesias-cornella\/wp-content\/uploads\/usu1592\/2019\/03\/Noticia_20190321_Internacional_Dia-Down2-1-696x464-300x200.jpg 300w\" sizes=\"auto, (max-width: 696px) 100vw, 696px\" \/><\/a><\/p>\n","protected":false},"excerpt":{"rendered":"<p>El 21 de Mar\u00e7 \u00e9s el Dia Internacional de la S\u00edndrome de Down i els nens i nenes de 1r hem volgut aportar el nostre granet de sorra portant un mitj\u00f3 de cada color.\u00a0A m\u00e9s, hem realitzat uns dibuixos per conscienciar-nos que podem ser diferents&hellip;  <a href=\"https:\/\/agora.xtec.cat\/ceip-ignasiiglesias-cornella\/portada\/21-de-marc-dia-mundial-de-la-sindrome-de-down\/\" title=\"Read 21 de Mar\u00e7: Dia Mundial de la S\u00edndrome de Down\">Llegeix m\u00e9s\u00bb<\/a><\/p>\n","protected":false},"author":8,"featured_media":2957,"comment_status":"open","ping_status":"closed","sticky":false,"template":"","format":"standard","meta":{"_bbp_topic_count":0,"_bbp_reply_count":0,"_bbp_total_topic_count":0,"_bbp_total_reply_count":0,"_bbp_voice_count":0,"_bbp_anonymous_reply_count":0,"_bbp_topic_count_hidden":0,"_bbp_reply_count_hidden":0,"_bbp_forum_subforum_count":0,"footnotes":""},"categories":[10,4],"tags":[116,137,456,566,567,565],"class_list":["post-2956","post","type-post","status-publish","format-standard","has-post-thumbnail","hentry","category-cicle-inicial","category-portada","tag-1r","tag-cicle-inicial","tag-crispetes","tag-diversitat","tag-mitjons","tag-sindrome-de-down"],"post_mailing_queue_ids":[],"_links":{"self":[{"href":"https:\/\/agora.xtec.cat\/ceip-ignasiiglesias-cornella\/wp-json\/wp\/v2\/posts\/2956","targetHints":{"allow":["GET"]}}],"collection":[{"href":"https:\/\/agora.xtec.cat\/ceip-ignasiiglesias-cornella\/wp-json\/wp\/v2\/posts"}],"about":[{"href":"https:\/\/agora.xtec.cat\/ceip-ignasiiglesias-cornella\/wp-json\/wp\/v2\/types\/post"}],"author":[{"embeddable":true,"href":"https:\/\/agora.xtec.cat\/ceip-ignasiiglesias-cornella\/wp-json\/wp\/v2\/users\/8"}],"replies":[{"embeddable":true,"href":"https:\/\/agora.xtec.cat\/ceip-ignasiiglesias-cornella\/wp-json\/wp\/v2\/comments?post=2956"}],"version-history":[{"count":3,"href":"https:\/\/agora.xtec.cat\/ceip-ignasiiglesias-cornella\/wp-json\/wp\/v2\/posts\/2956\/revisions"}],"predecessor-version":[{"id":2982,"href":"https:\/\/agora.xtec.cat\/ceip-ignasiiglesias-cornella\/wp-json\/wp\/v2\/posts\/2956\/revisions\/2982"}],"wp:featuredmedia":[{"embeddable":true,"href":"https:\/\/agora.xtec.cat\/ceip-ignasiiglesias-cornella\/wp-json\/wp\/v2\/media\/2957"}],"wp:attachment":[{"href":"https:\/\/agora.xtec.cat\/ceip-ignasiiglesias-cornella\/wp-json\/wp\/v2\/media?parent=2956"}],"wp:term":[{"taxonomy":"category","embeddable":true,"href":"https:\/\/agora.xtec.cat\/ceip-ignasiiglesias-cornella\/wp-json\/wp\/v2\/categories?post=2956"},{"taxonomy":"post_tag","embeddable":true,"href":"https:\/\/agora.xtec.cat\/ceip-ignasiiglesias-cornella\/wp-json\/wp\/v2\/tags?post=2956"}],"curies":[{"name":"wp","href":"https:\/\/api.w.org\/{rel}","templated":true}]}}