{"id":2951,"date":"2019-03-20T09:51:12","date_gmt":"2019-03-20T08:51:12","guid":{"rendered":"http:\/\/agora.xtec.cat\/ceip-ignasiiglesias-cornella\/?p=2951"},"modified":"2019-03-20T09:58:27","modified_gmt":"2019-03-20T08:58:27","slug":"3r-la-gallarda-del-pou","status":"publish","type":"post","link":"https:\/\/agora.xtec.cat\/ceip-ignasiiglesias-cornella\/primaria\/cicle-mitja\/3r-la-gallarda-del-pou\/","title":{"rendered":"3r. La Gallarda del pou"},"content":{"rendered":"<p>Ja queda poc per l&#8217; Edudansa! i ja tenim les danses gaireb\u00e9 enllestides.<\/p>\n<p>Clicant la foto podreu veure com els nens i nenes de 3r ballen el ball de la nostra ciutat: La gallarda del pou.<\/p>\n<p>Per\u00f2 abans&#8230; <strong>UNA MICA D&#8217; HIST\u00d2RIA<\/strong><\/p>\n<p>Els or\u00edgens del ball cal cercar-los a l&#8217;antiga Pla\u00e7a de l&#8217;Hostal de la parr\u00f2quia \u2014actualment la pla\u00e7a <a class=\"mw-redirect\" title=\"Llu\u00eds Companys\" href=\"https:\/\/ca.wikipedia.org\/wiki\/Llu%C3%ADs_Companys\">Llu\u00eds Companys<\/a>. El seu nom prov\u00e9 del fet que en aquesta pla\u00e7a hi havia un <a title=\"Pou\" href=\"https:\/\/ca.wikipedia.org\/wiki\/Pou\">pou<\/a> i la dansa consistia en ballar-hi al voltant. Es ballava l&#8217;\u00faltim diumenge de <a title=\"Carnaval\" href=\"https:\/\/ca.wikipedia.org\/wiki\/Carnaval\">Carnaval<\/a>.<sup id=\"cite_ref-FOOTNOTEVintr\u00f3_i_Pons2015_3-0\" class=\"reference\"><a href=\"https:\/\/ca.wikipedia.org\/wiki\/La_Gallarda_del_Pou#cite_note-FOOTNOTEVintr\u00f3_i_Pons2015-3\">[3]<\/a><\/sup><sup id=\"cite_ref-:1_4-0\" class=\"reference\"><a href=\"https:\/\/ca.wikipedia.org\/wiki\/La_Gallarda_del_Pou#cite_note-:1-4\">[4]<\/a><\/sup><\/p>\n<p>La Gallarda del Pou fou recuperada a Cornell\u00e0 l\u2019any 1956 pel mestre i core\u00f2graf Llu\u00eds Trull\u00e0s i Ribes, amb la col\u00b7laboraci\u00f3 del m\u00fasic i <a title=\"Llista alfab\u00e8tica de compositors de sardanes\" href=\"https:\/\/ca.wikipedia.org\/wiki\/Llista_alfab%C3%A8tica_de_compositors_de_sardanes\">compositor de sardanes<\/a> <a title=\"Jaume Vil\u00e0 i M\u00e8lich\" href=\"https:\/\/ca.wikipedia.org\/wiki\/Jaume_Vil%C3%A0_i_M%C3%A8lich\">Jaume Vil\u00e0 i M\u00e8lich<\/a> (conegut com a Javimel), l\u2019Esbart de Germanor del Foment de la Sardana pertanyent al <a title=\"Patronat de Cornell\u00e0 de Llobregat\" href=\"https:\/\/ca.wikipedia.org\/wiki\/Patronat_de_Cornell%C3%A0_de_Llobregat\">Patronat de Cornell\u00e0 de Llobregat<\/a> i del seu mestre Ferran Gimeno i Par\u00e9s. Posteriorment, l&#8217;any 1988 es recuper\u00e0 novament per l&#8217;Esbart de Cornell\u00e0, de l\u2019<a class=\"new\" title=\"Agrupaci\u00f3 Sardanista de Cornell\u00e0 (encara no existeix)\" href=\"https:\/\/ca.wikipedia.org\/w\/index.php?title=Agrupaci%C3%B3_Sardanista_de_Cornell%C3%A0&amp;action=edit&amp;redlink=1\">Agrupaci\u00f3 Sardanista de Cornell\u00e0<\/a>, i pel seu mestre Francesc Vintr\u00f3 i Pons.<sup id=\"cite_ref-:1_4-1\" class=\"reference\"><\/sup><sup id=\"cite_ref-5\" class=\"reference\"><\/sup><\/p>\n<p>Actualment l&#8217;Esbart de Cornell\u00e0 el balla el diumenge del <a title=\"Corpus de Cornell\u00e0 de Llobregat\" href=\"https:\/\/ca.wikipedia.org\/wiki\/Corpus_de_Cornell%C3%A0_de_Llobregat\">Corpus de Cornell\u00e0 de Llobregat<\/a>, durant el mes de <a title=\"Juny\" href=\"https:\/\/ca.wikipedia.org\/wiki\/Juny\">juny<\/a>. La dansa s&#8217;inicia nom\u00e9s amb les balladores que donen voltes dansant entorn d&#8217;un pou, despr\u00e9s entren en dansa els balladors i per parelles ballen <a class=\"new\" title=\"Ball de l\u2019espolsada (encara no existeix)\" href=\"https:\/\/ca.wikipedia.org\/w\/index.php?title=Ball_de_l%E2%80%99espolsada&amp;action=edit&amp;redlink=1\">l&#8217;espolsada<\/a>.<sup id=\"cite_ref-FOOTNOTEVintr\u00f3_i_Pons2015_3-1\" class=\"reference\"><\/sup><sup id=\"cite_ref-:1_4-2\" class=\"reference\"><\/sup><\/p>\n<p><a href=\"https:\/\/agora.xtec.cat\/ceip-ignasiiglesias-cornella\/fotos\/cicle-mitja-2018-2019\/\" target=\"_blank\" rel=\"noopener\"><img loading=\"lazy\" decoding=\"async\" class=\"alignnone size-medium wp-image-2952\" src=\"https:\/\/agora.xtec.cat\/ceip-ignasiiglesias-cornella\/wp-content\/uploads\/usu1592\/2019\/03\/MUSIC-300x252.gif\" alt=\"\" width=\"300\" height=\"252\" \/><\/a><\/p>\n","protected":false},"excerpt":{"rendered":"<p>Ja queda poc per l&#8217; Edudansa! i ja tenim les danses gaireb\u00e9 enllestides.<br \/>\nClicant la foto podreu veure com els nens i nenes de 3r ballen el ball de la nostra ciutat: La gallarda del pou.<br \/>\nPer\u00f2 abans&#8230; UNA MICA D&#8217; HIST\u00d2RIA<br \/>\nEls or\u00edgens del ball cal cercar-los&hellip;  <a href=\"https:\/\/agora.xtec.cat\/ceip-ignasiiglesias-cornella\/primaria\/cicle-mitja\/3r-la-gallarda-del-pou\/\" title=\"Read 3r. La Gallarda del pou\">Llegeix m\u00e9s\u00bb<\/a><\/p>\n","protected":false},"author":4,"featured_media":2952,"comment_status":"open","ping_status":"closed","sticky":false,"template":"","format":"standard","meta":{"_bbp_topic_count":0,"_bbp_reply_count":0,"_bbp_total_topic_count":0,"_bbp_total_reply_count":0,"_bbp_voice_count":0,"_bbp_anonymous_reply_count":0,"_bbp_topic_count_hidden":0,"_bbp_reply_count_hidden":0,"_bbp_forum_subforum_count":0,"footnotes":""},"categories":[12,72],"tags":[409,564],"class_list":["post-2951","post","type-post","status-publish","format-standard","has-post-thumbnail","hentry","category-cicle-mitja","category-musica","tag-edudansa","tag-gallarda"],"post_mailing_queue_ids":[],"_links":{"self":[{"href":"https:\/\/agora.xtec.cat\/ceip-ignasiiglesias-cornella\/wp-json\/wp\/v2\/posts\/2951","targetHints":{"allow":["GET"]}}],"collection":[{"href":"https:\/\/agora.xtec.cat\/ceip-ignasiiglesias-cornella\/wp-json\/wp\/v2\/posts"}],"about":[{"href":"https:\/\/agora.xtec.cat\/ceip-ignasiiglesias-cornella\/wp-json\/wp\/v2\/types\/post"}],"author":[{"embeddable":true,"href":"https:\/\/agora.xtec.cat\/ceip-ignasiiglesias-cornella\/wp-json\/wp\/v2\/users\/4"}],"replies":[{"embeddable":true,"href":"https:\/\/agora.xtec.cat\/ceip-ignasiiglesias-cornella\/wp-json\/wp\/v2\/comments?post=2951"}],"version-history":[{"count":2,"href":"https:\/\/agora.xtec.cat\/ceip-ignasiiglesias-cornella\/wp-json\/wp\/v2\/posts\/2951\/revisions"}],"predecessor-version":[{"id":2954,"href":"https:\/\/agora.xtec.cat\/ceip-ignasiiglesias-cornella\/wp-json\/wp\/v2\/posts\/2951\/revisions\/2954"}],"wp:featuredmedia":[{"embeddable":true,"href":"https:\/\/agora.xtec.cat\/ceip-ignasiiglesias-cornella\/wp-json\/wp\/v2\/media\/2952"}],"wp:attachment":[{"href":"https:\/\/agora.xtec.cat\/ceip-ignasiiglesias-cornella\/wp-json\/wp\/v2\/media?parent=2951"}],"wp:term":[{"taxonomy":"category","embeddable":true,"href":"https:\/\/agora.xtec.cat\/ceip-ignasiiglesias-cornella\/wp-json\/wp\/v2\/categories?post=2951"},{"taxonomy":"post_tag","embeddable":true,"href":"https:\/\/agora.xtec.cat\/ceip-ignasiiglesias-cornella\/wp-json\/wp\/v2\/tags?post=2951"}],"curies":[{"name":"wp","href":"https:\/\/api.w.org\/{rel}","templated":true}]}}