{"id":2930,"date":"2019-03-14T12:17:42","date_gmt":"2019-03-14T11:17:42","guid":{"rendered":"http:\/\/agora.xtec.cat\/ceip-ignasiiglesias-cornella\/?p=2930"},"modified":"2019-06-04T12:27:24","modified_gmt":"2019-06-04T10:27:24","slug":"preinscripcions-2n-cicle-dinfantil-i-primaria","status":"publish","type":"post","link":"https:\/\/agora.xtec.cat\/ceip-ignasiiglesias-cornella\/general\/preinscripcions-2n-cicle-dinfantil-i-primaria\/","title":{"rendered":"PREINSCRIPCIONS 2n CICLE D&#8217;INFANTIL I PRIM\u00c0RIA"},"content":{"rendered":"<p>Un cop tancat el per\u00edode de preinscripcions, ja s&#8217;ha fet la publicaci\u00f3 de les llistes amb el barem provisional.<\/p>\n<p><img loading=\"lazy\" decoding=\"async\" class=\"size-full wp-image-2933 alignleft\" src=\"https:\/\/agora.xtec.cat\/ceip-ignasiiglesias-cornella\/wp-content\/uploads\/usu1592\/2019\/03\/descarga-2.pnginfants2.png\" alt=\"\" width=\"298\" height=\"169\" \/><\/p>\n<p>Els llistats estan al taulell de l&#8217;entrada de l&#8217;escola.<\/p>\n<p>El 12 de juny es publicaran les llistes de l&#8217;alumnat adm\u00e8s, i del 20 al 26 de juny ser\u00e0 el per\u00edode de matr\u00edcula, havent citat anteriorment a les fam\u00edlies.<\/p>\n<p>Per a m\u00e9s informaci\u00f3 cliqueu l&#8217;enlla\u00e7 de la Gencat\u00a0 <a href=\"http:\/\/queestudiar.gencat.cat\/ca\/preinscripcio\/estudis\/obligatoris\/\">ESTUDIAR A CATALUNYA<\/a><\/p>\n","protected":false},"excerpt":{"rendered":"<p>Un cop tancat el per\u00edode de preinscripcions, ja s&#8217;ha fet la publicaci\u00f3 de les llistes amb el barem provisional.<\/p>\n<p>Els llistats estan al taulell de l&#8217;entrada de l&#8217;escola.<br \/>\nEl 12 de juny es publicaran les llistes de l&#8217;alumnat adm\u00e8s, i del 20 al 26 de juny ser\u00e0&hellip;  <a href=\"https:\/\/agora.xtec.cat\/ceip-ignasiiglesias-cornella\/general\/preinscripcions-2n-cicle-dinfantil-i-primaria\/\" title=\"Read PREINSCRIPCIONS 2n CICLE D&#8217;INFANTIL I PRIM\u00c0RIA\">Llegeix m\u00e9s\u00bb<\/a><\/p>\n","protected":false},"author":1,"featured_media":2933,"comment_status":"closed","ping_status":"closed","sticky":false,"template":"","format":"standard","meta":{"_bbp_topic_count":0,"_bbp_reply_count":0,"_bbp_total_topic_count":0,"_bbp_total_reply_count":0,"_bbp_voice_count":0,"_bbp_anonymous_reply_count":0,"_bbp_topic_count_hidden":0,"_bbp_reply_count_hidden":0,"_bbp_forum_subforum_count":0,"footnotes":""},"categories":[1,4],"tags":[127,562,336],"class_list":["post-2930","post","type-post","status-publish","format-standard","has-post-thumbnail","hentry","category-general","category-portada","tag-escola","tag-marc","tag-preinscripcio"],"post_mailing_queue_ids":[],"_links":{"self":[{"href":"https:\/\/agora.xtec.cat\/ceip-ignasiiglesias-cornella\/wp-json\/wp\/v2\/posts\/2930","targetHints":{"allow":["GET"]}}],"collection":[{"href":"https:\/\/agora.xtec.cat\/ceip-ignasiiglesias-cornella\/wp-json\/wp\/v2\/posts"}],"about":[{"href":"https:\/\/agora.xtec.cat\/ceip-ignasiiglesias-cornella\/wp-json\/wp\/v2\/types\/post"}],"author":[{"embeddable":true,"href":"https:\/\/agora.xtec.cat\/ceip-ignasiiglesias-cornella\/wp-json\/wp\/v2\/users\/1"}],"replies":[{"embeddable":true,"href":"https:\/\/agora.xtec.cat\/ceip-ignasiiglesias-cornella\/wp-json\/wp\/v2\/comments?post=2930"}],"version-history":[{"count":3,"href":"https:\/\/agora.xtec.cat\/ceip-ignasiiglesias-cornella\/wp-json\/wp\/v2\/posts\/2930\/revisions"}],"predecessor-version":[{"id":3191,"href":"https:\/\/agora.xtec.cat\/ceip-ignasiiglesias-cornella\/wp-json\/wp\/v2\/posts\/2930\/revisions\/3191"}],"wp:featuredmedia":[{"embeddable":true,"href":"https:\/\/agora.xtec.cat\/ceip-ignasiiglesias-cornella\/wp-json\/wp\/v2\/media\/2933"}],"wp:attachment":[{"href":"https:\/\/agora.xtec.cat\/ceip-ignasiiglesias-cornella\/wp-json\/wp\/v2\/media?parent=2930"}],"wp:term":[{"taxonomy":"category","embeddable":true,"href":"https:\/\/agora.xtec.cat\/ceip-ignasiiglesias-cornella\/wp-json\/wp\/v2\/categories?post=2930"},{"taxonomy":"post_tag","embeddable":true,"href":"https:\/\/agora.xtec.cat\/ceip-ignasiiglesias-cornella\/wp-json\/wp\/v2\/tags?post=2930"}],"curies":[{"name":"wp","href":"https:\/\/api.w.org\/{rel}","templated":true}]}}