{"id":2925,"date":"2019-03-09T22:18:12","date_gmt":"2019-03-09T21:18:12","guid":{"rendered":"http:\/\/agora.xtec.cat\/ceip-ignasiiglesias-cornella\/?p=2925"},"modified":"2019-03-09T22:18:25","modified_gmt":"2019-03-09T21:18:25","slug":"8-de-marc-2019","status":"publish","type":"post","link":"https:\/\/agora.xtec.cat\/ceip-ignasiiglesias-cornella\/portada\/8-de-marc-2019\/","title":{"rendered":"8 de mar\u00e7 2019"},"content":{"rendered":"<p>A l&#8217;escola treballem l&#8217;igualtat de g\u00e8nere des d&#8217;una mirada coeducativa tant en els materials, com en els espais com en el discurs de la conviv\u00e8ncia di\u00e0ria.<\/p>\n<p>Aquests dies donada la rellev\u00e0ncia del dia Internacional de la Dona hem parlat de la igualtat i la llibertat per triar els jocs que ens agraden i quines coses ens fan iguals.<\/p>\n<p>Els nens i les nenes som persones,<\/p>\n<p>I les persones tenim els mateixos drets i deures.<\/p>\n<p><a href=\"https:\/\/agora.xtec.cat\/ceip-ignasiiglesias-cornella\/fotos\/educacio-infantil-2018-2019\/\"><img loading=\"lazy\" decoding=\"async\" class=\"alignnone size-medium wp-image-2927\" src=\"https:\/\/agora.xtec.cat\/ceip-ignasiiglesias-cornella\/wp-content\/uploads\/usu1592\/2019\/03\/IMG_8818-300x225.jpg\" alt=\"\" width=\"300\" height=\"225\" srcset=\"https:\/\/agora.xtec.cat\/ceip-ignasiiglesias-cornella\/wp-content\/uploads\/usu1592\/2019\/03\/IMG_8818-300x225.jpg 300w, https:\/\/agora.xtec.cat\/ceip-ignasiiglesias-cornella\/wp-content\/uploads\/usu1592\/2019\/03\/IMG_8818-768x576.jpg 768w, https:\/\/agora.xtec.cat\/ceip-ignasiiglesias-cornella\/wp-content\/uploads\/usu1592\/2019\/03\/IMG_8818-200x150.jpg 200w, https:\/\/agora.xtec.cat\/ceip-ignasiiglesias-cornella\/wp-content\/uploads\/usu1592\/2019\/03\/IMG_8818.jpg 983w\" sizes=\"auto, (max-width: 300px) 100vw, 300px\" \/><\/a><\/p>\n<p>&nbsp;<\/p>\n","protected":false},"excerpt":{"rendered":"<p>A l&#8217;escola treballem l&#8217;igualtat de g\u00e8nere des d&#8217;una mirada coeducativa tant en els materials, com en els espais com en el discurs de la conviv\u00e8ncia di\u00e0ria.<br \/>\nAquests dies donada la rellev\u00e0ncia del dia Internacional de la Dona hem parlat de la igualtat i la llibertat per&hellip;  <a href=\"https:\/\/agora.xtec.cat\/ceip-ignasiiglesias-cornella\/portada\/8-de-marc-2019\/\" title=\"Read 8 de mar\u00e7 2019\">Llegeix m\u00e9s\u00bb<\/a><\/p>\n","protected":false},"author":1,"featured_media":2927,"comment_status":"open","ping_status":"closed","sticky":false,"template":"","format":"standard","meta":{"_bbp_topic_count":0,"_bbp_reply_count":0,"_bbp_total_topic_count":0,"_bbp_total_reply_count":0,"_bbp_voice_count":0,"_bbp_anonymous_reply_count":0,"_bbp_topic_count_hidden":0,"_bbp_reply_count_hidden":0,"_bbp_forum_subforum_count":0,"footnotes":""},"categories":[8,4],"tags":[432,561,85,446],"class_list":["post-2925","post","type-post","status-publish","format-standard","has-post-thumbnail","hentry","category-p4","category-portada","tag-432","tag-8marc","tag-infantil","tag-simbolic"],"post_mailing_queue_ids":[],"_links":{"self":[{"href":"https:\/\/agora.xtec.cat\/ceip-ignasiiglesias-cornella\/wp-json\/wp\/v2\/posts\/2925","targetHints":{"allow":["GET"]}}],"collection":[{"href":"https:\/\/agora.xtec.cat\/ceip-ignasiiglesias-cornella\/wp-json\/wp\/v2\/posts"}],"about":[{"href":"https:\/\/agora.xtec.cat\/ceip-ignasiiglesias-cornella\/wp-json\/wp\/v2\/types\/post"}],"author":[{"embeddable":true,"href":"https:\/\/agora.xtec.cat\/ceip-ignasiiglesias-cornella\/wp-json\/wp\/v2\/users\/1"}],"replies":[{"embeddable":true,"href":"https:\/\/agora.xtec.cat\/ceip-ignasiiglesias-cornella\/wp-json\/wp\/v2\/comments?post=2925"}],"version-history":[{"count":2,"href":"https:\/\/agora.xtec.cat\/ceip-ignasiiglesias-cornella\/wp-json\/wp\/v2\/posts\/2925\/revisions"}],"predecessor-version":[{"id":2929,"href":"https:\/\/agora.xtec.cat\/ceip-ignasiiglesias-cornella\/wp-json\/wp\/v2\/posts\/2925\/revisions\/2929"}],"wp:featuredmedia":[{"embeddable":true,"href":"https:\/\/agora.xtec.cat\/ceip-ignasiiglesias-cornella\/wp-json\/wp\/v2\/media\/2927"}],"wp:attachment":[{"href":"https:\/\/agora.xtec.cat\/ceip-ignasiiglesias-cornella\/wp-json\/wp\/v2\/media?parent=2925"}],"wp:term":[{"taxonomy":"category","embeddable":true,"href":"https:\/\/agora.xtec.cat\/ceip-ignasiiglesias-cornella\/wp-json\/wp\/v2\/categories?post=2925"},{"taxonomy":"post_tag","embeddable":true,"href":"https:\/\/agora.xtec.cat\/ceip-ignasiiglesias-cornella\/wp-json\/wp\/v2\/tags?post=2925"}],"curies":[{"name":"wp","href":"https:\/\/api.w.org\/{rel}","templated":true}]}}