{"id":2899,"date":"2019-02-26T02:12:49","date_gmt":"2019-02-26T01:12:49","guid":{"rendered":"http:\/\/agora.xtec.cat\/ceip-ignasiiglesias-cornella\/?p=2899"},"modified":"2019-02-26T02:12:49","modified_gmt":"2019-02-26T01:12:49","slug":"carnestoltes","status":"publish","type":"post","link":"https:\/\/agora.xtec.cat\/ceip-ignasiiglesias-cornella\/portada\/carnestoltes\/","title":{"rendered":"Carnestoltes"},"content":{"rendered":"<p>Molts cartells a l&#8217;escola anunciaven la seva arribada i per fi el tenim aqu\u00ed!\u00a0 El Carnestoltes ja \u00e9s amb nosaltres i amb tots els estris i instruments que han dut els infants la rebuda no ha pogut ser m\u00e9s sorollosa! Despr\u00e9s de la magn\u00edfica lectura del preg\u00f3 duta a terme per els nens i nenes de 5\u00e8, donem per comen\u00e7ada la festa. A continuaci\u00f3 us deixem foto de les consignes de la setamana. Cliqueu-hi a sobre i veureu imatges i videos de la festa.<\/p>\n<p><a href=\"https:\/\/agora.xtec.cat\/ceip-ignasiiglesias-cornella\/fotos\/cicle-superior-2018-2019\/\"><img loading=\"lazy\" decoding=\"async\" class=\"aligncenter wp-image-2900 size-medium\" src=\"https:\/\/agora.xtec.cat\/ceip-ignasiiglesias-cornella\/wp-content\/uploads\/usu1592\/2019\/02\/WhatsApp-Image-2019-02-25-at-12.28.02-247x300.jpeg\" alt=\"\" width=\"247\" height=\"300\" srcset=\"https:\/\/agora.xtec.cat\/ceip-ignasiiglesias-cornella\/wp-content\/uploads\/usu1592\/2019\/02\/WhatsApp-Image-2019-02-25-at-12.28.02-247x300.jpeg 247w, https:\/\/agora.xtec.cat\/ceip-ignasiiglesias-cornella\/wp-content\/uploads\/usu1592\/2019\/02\/WhatsApp-Image-2019-02-25-at-12.28.02.jpeg 526w\" sizes=\"auto, (max-width: 247px) 100vw, 247px\" \/><\/a><\/p>\n<p>&nbsp;<\/p>\n","protected":false},"excerpt":{"rendered":"<p>Molts cartells a l&#8217;escola anunciaven la seva arribada i per fi el tenim aqu\u00ed!\u00a0 El Carnestoltes ja \u00e9s amb nosaltres i amb tots els estris i instruments que han dut els infants la rebuda no ha pogut ser m\u00e9s sorollosa! Despr\u00e9s de la magn\u00edfica lectura&hellip;  <a href=\"https:\/\/agora.xtec.cat\/ceip-ignasiiglesias-cornella\/portada\/carnestoltes\/\" title=\"Read Carnestoltes\">Llegeix m\u00e9s\u00bb<\/a><\/p>\n","protected":false},"author":4,"featured_media":2900,"comment_status":"open","ping_status":"closed","sticky":false,"template":"","format":"standard","meta":{"_bbp_topic_count":0,"_bbp_reply_count":0,"_bbp_total_topic_count":0,"_bbp_total_reply_count":0,"_bbp_voice_count":0,"_bbp_anonymous_reply_count":0,"_bbp_topic_count_hidden":0,"_bbp_reply_count_hidden":0,"_bbp_forum_subforum_count":0,"footnotes":""},"categories":[4],"tags":[432,57,369],"class_list":["post-2899","post","type-post","status-publish","format-standard","has-post-thumbnail","hentry","category-portada","tag-432","tag-carnestoltes","tag-festa"],"post_mailing_queue_ids":[],"_links":{"self":[{"href":"https:\/\/agora.xtec.cat\/ceip-ignasiiglesias-cornella\/wp-json\/wp\/v2\/posts\/2899","targetHints":{"allow":["GET"]}}],"collection":[{"href":"https:\/\/agora.xtec.cat\/ceip-ignasiiglesias-cornella\/wp-json\/wp\/v2\/posts"}],"about":[{"href":"https:\/\/agora.xtec.cat\/ceip-ignasiiglesias-cornella\/wp-json\/wp\/v2\/types\/post"}],"author":[{"embeddable":true,"href":"https:\/\/agora.xtec.cat\/ceip-ignasiiglesias-cornella\/wp-json\/wp\/v2\/users\/4"}],"replies":[{"embeddable":true,"href":"https:\/\/agora.xtec.cat\/ceip-ignasiiglesias-cornella\/wp-json\/wp\/v2\/comments?post=2899"}],"version-history":[{"count":1,"href":"https:\/\/agora.xtec.cat\/ceip-ignasiiglesias-cornella\/wp-json\/wp\/v2\/posts\/2899\/revisions"}],"predecessor-version":[{"id":2902,"href":"https:\/\/agora.xtec.cat\/ceip-ignasiiglesias-cornella\/wp-json\/wp\/v2\/posts\/2899\/revisions\/2902"}],"wp:featuredmedia":[{"embeddable":true,"href":"https:\/\/agora.xtec.cat\/ceip-ignasiiglesias-cornella\/wp-json\/wp\/v2\/media\/2900"}],"wp:attachment":[{"href":"https:\/\/agora.xtec.cat\/ceip-ignasiiglesias-cornella\/wp-json\/wp\/v2\/media?parent=2899"}],"wp:term":[{"taxonomy":"category","embeddable":true,"href":"https:\/\/agora.xtec.cat\/ceip-ignasiiglesias-cornella\/wp-json\/wp\/v2\/categories?post=2899"},{"taxonomy":"post_tag","embeddable":true,"href":"https:\/\/agora.xtec.cat\/ceip-ignasiiglesias-cornella\/wp-json\/wp\/v2\/tags?post=2899"}],"curies":[{"name":"wp","href":"https:\/\/api.w.org\/{rel}","templated":true}]}}