{"id":2868,"date":"2019-02-21T21:44:15","date_gmt":"2019-02-21T20:44:15","guid":{"rendered":"http:\/\/agora.xtec.cat\/ceip-ignasiiglesias-cornella\/?p=2868"},"modified":"2019-02-21T21:44:15","modified_gmt":"2019-02-21T20:44:15","slug":"p3-iniciem-la-descoberta-de-les-lletres","status":"publish","type":"post","link":"https:\/\/agora.xtec.cat\/ceip-ignasiiglesias-cornella\/infantil\/p3-iniciem-la-descoberta-de-les-lletres\/","title":{"rendered":"P3. Iniciem la descoberta de les lletres"},"content":{"rendered":"<p>Aquests \u00faltims dies hem comen\u00e7at a tenir un primer contacte amb les lletres, amb el nostre nom, amb el nom dels companys i companyes&#8230; Ho hem fet sempre amb materials manipulatius com s\u00f3n: les lletres magn\u00e8tiques, tampons de lletres, taps de pl\u00e0stic&#8230;<\/p>\n<p>Mireu que b\u00e9 que ho estem fent. Cliqueu a la foto per veure l&#8217;\u00e0lbum.<\/p>\n<p><a href=\"https:\/\/agora.xtec.cat\/ceip-ignasiiglesias-cornella\/fotos\/educacio-infantil-2018-2019\/\"><img loading=\"lazy\" decoding=\"async\" class=\"alignnone wp-image-2869 size-medium\" src=\"https:\/\/agora.xtec.cat\/ceip-ignasiiglesias-cornella\/wp-content\/uploads\/usu1592\/2019\/02\/IMG_7583-2-300x225.jpg\" alt=\"\" width=\"300\" height=\"225\" srcset=\"https:\/\/agora.xtec.cat\/ceip-ignasiiglesias-cornella\/wp-content\/uploads\/usu1592\/2019\/02\/IMG_7583-2-300x225.jpg 300w, https:\/\/agora.xtec.cat\/ceip-ignasiiglesias-cornella\/wp-content\/uploads\/usu1592\/2019\/02\/IMG_7583-2-768x576.jpg 768w, https:\/\/agora.xtec.cat\/ceip-ignasiiglesias-cornella\/wp-content\/uploads\/usu1592\/2019\/02\/IMG_7583-2-200x150.jpg 200w, https:\/\/agora.xtec.cat\/ceip-ignasiiglesias-cornella\/wp-content\/uploads\/usu1592\/2019\/02\/IMG_7583-2.jpg 1002w\" sizes=\"auto, (max-width: 300px) 100vw, 300px\" \/><\/a><\/p>\n","protected":false},"excerpt":{"rendered":"<p>Aquests \u00faltims dies hem comen\u00e7at a tenir un primer contacte amb les lletres, amb el nostre nom, amb el nom dels companys i companyes&#8230; Ho hem fet sempre amb materials manipulatius com s\u00f3n: les lletres magn\u00e8tiques, tampons de lletres, taps de pl\u00e0stic&#8230;<br \/>\nMireu que b\u00e9 que&hellip;  <a href=\"https:\/\/agora.xtec.cat\/ceip-ignasiiglesias-cornella\/infantil\/p3-iniciem-la-descoberta-de-les-lletres\/\" title=\"Read P3. Iniciem la descoberta de les lletres\">Llegeix m\u00e9s\u00bb<\/a><\/p>\n","protected":false},"author":1,"featured_media":2869,"comment_status":"open","ping_status":"closed","sticky":false,"template":"","format":"standard","meta":{"_bbp_topic_count":0,"_bbp_reply_count":0,"_bbp_total_topic_count":0,"_bbp_total_reply_count":0,"_bbp_voice_count":0,"_bbp_anonymous_reply_count":0,"_bbp_topic_count_hidden":0,"_bbp_reply_count_hidden":0,"_bbp_forum_subforum_count":0,"footnotes":""},"categories":[2,3],"tags":[85,273,558,482,92],"class_list":["post-2868","post","type-post","status-publish","format-standard","has-post-thumbnail","hentry","category-infantil","category-p3","tag-infantil","tag-lectoescriptura","tag-lletres","tag-nom","tag-p3"],"post_mailing_queue_ids":[],"_links":{"self":[{"href":"https:\/\/agora.xtec.cat\/ceip-ignasiiglesias-cornella\/wp-json\/wp\/v2\/posts\/2868","targetHints":{"allow":["GET"]}}],"collection":[{"href":"https:\/\/agora.xtec.cat\/ceip-ignasiiglesias-cornella\/wp-json\/wp\/v2\/posts"}],"about":[{"href":"https:\/\/agora.xtec.cat\/ceip-ignasiiglesias-cornella\/wp-json\/wp\/v2\/types\/post"}],"author":[{"embeddable":true,"href":"https:\/\/agora.xtec.cat\/ceip-ignasiiglesias-cornella\/wp-json\/wp\/v2\/users\/1"}],"replies":[{"embeddable":true,"href":"https:\/\/agora.xtec.cat\/ceip-ignasiiglesias-cornella\/wp-json\/wp\/v2\/comments?post=2868"}],"version-history":[{"count":1,"href":"https:\/\/agora.xtec.cat\/ceip-ignasiiglesias-cornella\/wp-json\/wp\/v2\/posts\/2868\/revisions"}],"predecessor-version":[{"id":2871,"href":"https:\/\/agora.xtec.cat\/ceip-ignasiiglesias-cornella\/wp-json\/wp\/v2\/posts\/2868\/revisions\/2871"}],"wp:featuredmedia":[{"embeddable":true,"href":"https:\/\/agora.xtec.cat\/ceip-ignasiiglesias-cornella\/wp-json\/wp\/v2\/media\/2869"}],"wp:attachment":[{"href":"https:\/\/agora.xtec.cat\/ceip-ignasiiglesias-cornella\/wp-json\/wp\/v2\/media?parent=2868"}],"wp:term":[{"taxonomy":"category","embeddable":true,"href":"https:\/\/agora.xtec.cat\/ceip-ignasiiglesias-cornella\/wp-json\/wp\/v2\/categories?post=2868"},{"taxonomy":"post_tag","embeddable":true,"href":"https:\/\/agora.xtec.cat\/ceip-ignasiiglesias-cornella\/wp-json\/wp\/v2\/tags?post=2868"}],"curies":[{"name":"wp","href":"https:\/\/api.w.org\/{rel}","templated":true}]}}