{"id":2830,"date":"2019-02-20T13:22:39","date_gmt":"2019-02-20T12:22:39","guid":{"rendered":"http:\/\/agora.xtec.cat\/ceip-ignasiiglesias-cornella\/?p=2830"},"modified":"2019-02-20T13:22:39","modified_gmt":"2019-02-20T12:22:39","slug":"preparem-les-disfresses","status":"publish","type":"post","link":"https:\/\/agora.xtec.cat\/ceip-ignasiiglesias-cornella\/primaria\/preparem-les-disfresses\/","title":{"rendered":"Preparem les disfresses"},"content":{"rendered":"<p>Ja fa dies que l\u2019ambient a les aules de les crispetes ha canviat. Comen\u00e7a a olorar a disbauxa i gresca perqu\u00e8&#8230;. Ja est\u00e0 aqu\u00ed el carnaval!<\/p>\n<p>Des de fa un parell de setmanes \u00a0estem realitzant les nostres disfresses seguint el projecte escollit per els nens i nenes de 1r: les crispetes. \u00c9s per aix\u00f2 que,si ens voleu trobar a la rua, \u00a0haureu de buscar <a href=\"https:\/\/photos.app.goo.gl\/pRiSZfvBhUfCrtKi8\">panotxes, venedors de crispetes i pots de crispetes<\/a>.<a href=\"https:\/\/agora.xtec.cat\/ceip-ignasiiglesias-cornella\/wp-content\/uploads\/usu1592\/2019\/02\/disfressa_Pot-de-crispetes-1.jpg\"><img loading=\"lazy\" decoding=\"async\" class=\"alignright wp-image-2836\" src=\"https:\/\/agora.xtec.cat\/ceip-ignasiiglesias-cornella\/wp-content\/uploads\/usu1592\/2019\/02\/disfressa_Pot-de-crispetes-1.jpg\" alt=\"\" width=\"215\" height=\"350\" srcset=\"https:\/\/agora.xtec.cat\/ceip-ignasiiglesias-cornella\/wp-content\/uploads\/usu1592\/2019\/02\/disfressa_Pot-de-crispetes-1.jpg 368w, https:\/\/agora.xtec.cat\/ceip-ignasiiglesias-cornella\/wp-content\/uploads\/usu1592\/2019\/02\/disfressa_Pot-de-crispetes-1-184x300.jpg 184w\" sizes=\"auto, (max-width: 215px) 100vw, 215px\" \/><\/a><a href=\"https:\/\/agora.xtec.cat\/ceip-ignasiiglesias-cornella\/wp-content\/uploads\/usu1592\/2019\/02\/disfressa_Panotxa.jpg\"><img loading=\"lazy\" decoding=\"async\" class=\"wp-image-2832 size-full alignright\" src=\"https:\/\/agora.xtec.cat\/ceip-ignasiiglesias-cornella\/wp-content\/uploads\/usu1592\/2019\/02\/disfressa_Panotxa.jpg\" alt=\"\" width=\"304\" height=\"354\" srcset=\"https:\/\/agora.xtec.cat\/ceip-ignasiiglesias-cornella\/wp-content\/uploads\/usu1592\/2019\/02\/disfressa_Panotxa.jpg 304w, https:\/\/agora.xtec.cat\/ceip-ignasiiglesias-cornella\/wp-content\/uploads\/usu1592\/2019\/02\/disfressa_Panotxa-258x300.jpg 258w\" sizes=\"auto, (max-width: 304px) 100vw, 304px\" \/><\/a> <a href=\"https:\/\/agora.xtec.cat\/ceip-ignasiiglesias-cornella\/wp-content\/uploads\/usu1592\/2019\/02\/disfressa_venendor-de-crispetes.jpg\"><img loading=\"lazy\" decoding=\"async\" class=\"wp-image-2834 alignright\" src=\"https:\/\/agora.xtec.cat\/ceip-ignasiiglesias-cornella\/wp-content\/uploads\/usu1592\/2019\/02\/disfressa_venendor-de-crispetes.jpg\" alt=\"\" width=\"197\" height=\"350\" srcset=\"https:\/\/agora.xtec.cat\/ceip-ignasiiglesias-cornella\/wp-content\/uploads\/usu1592\/2019\/02\/disfressa_venendor-de-crispetes.jpg 374w, https:\/\/agora.xtec.cat\/ceip-ignasiiglesias-cornella\/wp-content\/uploads\/usu1592\/2019\/02\/disfressa_venendor-de-crispetes-169x300.jpg 169w\" sizes=\"auto, (max-width: 197px) 100vw, 197px\" \/><\/a><\/p>\n","protected":false},"excerpt":{"rendered":"<p>Ja fa dies que l\u2019ambient a les aules de les crispetes ha canviat. Comen\u00e7a a olorar a disbauxa i gresca perqu\u00e8&#8230;. Ja est\u00e0 aqu\u00ed el carnaval!<br \/>\nDes de fa un parell de setmanes \u00a0estem realitzant les nostres disfresses seguint el projecte escollit per els nens i&hellip;  <a href=\"https:\/\/agora.xtec.cat\/ceip-ignasiiglesias-cornella\/primaria\/preparem-les-disfresses\/\" title=\"Read Preparem les disfresses\">Llegeix m\u00e9s\u00bb<\/a><\/p>\n","protected":false},"author":8,"featured_media":2833,"comment_status":"open","ping_status":"closed","sticky":false,"template":"","format":"standard","meta":{"_bbp_topic_count":0,"_bbp_reply_count":0,"_bbp_total_topic_count":0,"_bbp_total_reply_count":0,"_bbp_voice_count":0,"_bbp_anonymous_reply_count":0,"_bbp_topic_count_hidden":0,"_bbp_reply_count_hidden":0,"_bbp_forum_subforum_count":0,"footnotes":""},"categories":[10,74,5],"tags":[116,61,57,137,456,545],"class_list":["post-2830","post","type-post","status-publish","format-standard","has-post-thumbnail","hentry","category-cicle-inicial","category-festes","category-primaria","tag-1r","tag-carnaval","tag-carnestoltes","tag-cicle-inicial","tag-crispetes","tag-disfressa"],"post_mailing_queue_ids":[],"_links":{"self":[{"href":"https:\/\/agora.xtec.cat\/ceip-ignasiiglesias-cornella\/wp-json\/wp\/v2\/posts\/2830","targetHints":{"allow":["GET"]}}],"collection":[{"href":"https:\/\/agora.xtec.cat\/ceip-ignasiiglesias-cornella\/wp-json\/wp\/v2\/posts"}],"about":[{"href":"https:\/\/agora.xtec.cat\/ceip-ignasiiglesias-cornella\/wp-json\/wp\/v2\/types\/post"}],"author":[{"embeddable":true,"href":"https:\/\/agora.xtec.cat\/ceip-ignasiiglesias-cornella\/wp-json\/wp\/v2\/users\/8"}],"replies":[{"embeddable":true,"href":"https:\/\/agora.xtec.cat\/ceip-ignasiiglesias-cornella\/wp-json\/wp\/v2\/comments?post=2830"}],"version-history":[{"count":4,"href":"https:\/\/agora.xtec.cat\/ceip-ignasiiglesias-cornella\/wp-json\/wp\/v2\/posts\/2830\/revisions"}],"predecessor-version":[{"id":2842,"href":"https:\/\/agora.xtec.cat\/ceip-ignasiiglesias-cornella\/wp-json\/wp\/v2\/posts\/2830\/revisions\/2842"}],"wp:featuredmedia":[{"embeddable":true,"href":"https:\/\/agora.xtec.cat\/ceip-ignasiiglesias-cornella\/wp-json\/wp\/v2\/media\/2833"}],"wp:attachment":[{"href":"https:\/\/agora.xtec.cat\/ceip-ignasiiglesias-cornella\/wp-json\/wp\/v2\/media?parent=2830"}],"wp:term":[{"taxonomy":"category","embeddable":true,"href":"https:\/\/agora.xtec.cat\/ceip-ignasiiglesias-cornella\/wp-json\/wp\/v2\/categories?post=2830"},{"taxonomy":"post_tag","embeddable":true,"href":"https:\/\/agora.xtec.cat\/ceip-ignasiiglesias-cornella\/wp-json\/wp\/v2\/tags?post=2830"}],"curies":[{"name":"wp","href":"https:\/\/api.w.org\/{rel}","templated":true}]}}