{"id":2828,"date":"2019-02-22T09:59:14","date_gmt":"2019-02-22T08:59:14","guid":{"rendered":"http:\/\/agora.xtec.cat\/ceip-ignasiiglesias-cornella\/?p=2828"},"modified":"2019-02-22T10:00:24","modified_gmt":"2019-02-22T09:00:24","slug":"cs-contes-africans-per-la-pau","status":"publish","type":"post","link":"https:\/\/agora.xtec.cat\/ceip-ignasiiglesias-cornella\/portada\/cs-contes-africans-per-la-pau\/","title":{"rendered":"CS. Contes africans per la pau"},"content":{"rendered":"<p>Les i els alumnes de 5\u00e8 hem pogut gaudir d&#8217; en Jean Bosco Botsho, mestre natiu del Congo, el qual, a trav\u00e9s del conte &#8220;Raquel i Lea&#8221; i de diverses activitats en grup, ens ha fet prendre consci\u00e8ncia i valorar les coses que tenim, tamb\u00e9 a trav\u00e9s de la seva pr\u00f2pia experi\u00e8ncia a l&#8217; \u00c0frica amb fotografies sobre la realitat dels nens i nenes d&#8217; all\u00e0.<br \/>\nUna experi\u00e8ncia viva i emotiva per treballar els Valors que aviat gaudiran tamb\u00e9 els nens i nenes de 6\u00e8.<\/p>\n<p><a href=\"https:\/\/agora.xtec.cat\/ceip-ignasiiglesias-cornella\/fotos\/cicle-superior-2018-2019\/\" target=\"_blank\" rel=\"noopener\"><img loading=\"lazy\" decoding=\"async\" class=\"size-medium wp-image-2873 aligncenter\" src=\"https:\/\/agora.xtec.cat\/ceip-ignasiiglesias-cornella\/wp-content\/uploads\/usu1592\/2019\/02\/WhatsApp-Image-2019-02-14-at-19.24.41-163x300.jpeg\" alt=\"\" width=\"163\" height=\"300\" srcset=\"https:\/\/agora.xtec.cat\/ceip-ignasiiglesias-cornella\/wp-content\/uploads\/usu1592\/2019\/02\/WhatsApp-Image-2019-02-14-at-19.24.41-163x300.jpeg 163w, https:\/\/agora.xtec.cat\/ceip-ignasiiglesias-cornella\/wp-content\/uploads\/usu1592\/2019\/02\/WhatsApp-Image-2019-02-14-at-19.24.41-768x1412.jpeg 768w, https:\/\/agora.xtec.cat\/ceip-ignasiiglesias-cornella\/wp-content\/uploads\/usu1592\/2019\/02\/WhatsApp-Image-2019-02-14-at-19.24.41-557x1024.jpeg 557w, https:\/\/agora.xtec.cat\/ceip-ignasiiglesias-cornella\/wp-content\/uploads\/usu1592\/2019\/02\/WhatsApp-Image-2019-02-14-at-19.24.41.jpeg 870w\" sizes=\"auto, (max-width: 163px) 100vw, 163px\" \/><\/a><\/p>\n","protected":false},"excerpt":{"rendered":"<p>Les i els alumnes de 5\u00e8 hem pogut gaudir d&#8217; en Jean Bosco Botsho, mestre natiu del Congo, el qual, a trav\u00e9s del conte &#8220;Raquel i Lea&#8221; i de diverses activitats en grup, ens ha fet prendre consci\u00e8ncia i valorar les coses que tenim, tamb\u00e9&hellip;  <a href=\"https:\/\/agora.xtec.cat\/ceip-ignasiiglesias-cornella\/portada\/cs-contes-africans-per-la-pau\/\" title=\"Read CS. Contes africans per la pau\">Llegeix m\u00e9s\u00bb<\/a><\/p>\n","protected":false},"author":4,"featured_media":2873,"comment_status":"open","ping_status":"closed","sticky":false,"template":"","format":"standard","meta":{"_bbp_topic_count":0,"_bbp_reply_count":0,"_bbp_total_topic_count":0,"_bbp_total_reply_count":0,"_bbp_voice_count":0,"_bbp_anonymous_reply_count":0,"_bbp_topic_count_hidden":0,"_bbp_reply_count_hidden":0,"_bbp_forum_subforum_count":0,"footnotes":""},"categories":[14,4],"tags":[291,559],"class_list":["post-2828","post","type-post","status-publish","format-standard","has-post-thumbnail","hentry","category-cicle-superior","category-portada","tag-6e","tag-contes-africans"],"post_mailing_queue_ids":[],"_links":{"self":[{"href":"https:\/\/agora.xtec.cat\/ceip-ignasiiglesias-cornella\/wp-json\/wp\/v2\/posts\/2828","targetHints":{"allow":["GET"]}}],"collection":[{"href":"https:\/\/agora.xtec.cat\/ceip-ignasiiglesias-cornella\/wp-json\/wp\/v2\/posts"}],"about":[{"href":"https:\/\/agora.xtec.cat\/ceip-ignasiiglesias-cornella\/wp-json\/wp\/v2\/types\/post"}],"author":[{"embeddable":true,"href":"https:\/\/agora.xtec.cat\/ceip-ignasiiglesias-cornella\/wp-json\/wp\/v2\/users\/4"}],"replies":[{"embeddable":true,"href":"https:\/\/agora.xtec.cat\/ceip-ignasiiglesias-cornella\/wp-json\/wp\/v2\/comments?post=2828"}],"version-history":[{"count":2,"href":"https:\/\/agora.xtec.cat\/ceip-ignasiiglesias-cornella\/wp-json\/wp\/v2\/posts\/2828\/revisions"}],"predecessor-version":[{"id":2876,"href":"https:\/\/agora.xtec.cat\/ceip-ignasiiglesias-cornella\/wp-json\/wp\/v2\/posts\/2828\/revisions\/2876"}],"wp:featuredmedia":[{"embeddable":true,"href":"https:\/\/agora.xtec.cat\/ceip-ignasiiglesias-cornella\/wp-json\/wp\/v2\/media\/2873"}],"wp:attachment":[{"href":"https:\/\/agora.xtec.cat\/ceip-ignasiiglesias-cornella\/wp-json\/wp\/v2\/media?parent=2828"}],"wp:term":[{"taxonomy":"category","embeddable":true,"href":"https:\/\/agora.xtec.cat\/ceip-ignasiiglesias-cornella\/wp-json\/wp\/v2\/categories?post=2828"},{"taxonomy":"post_tag","embeddable":true,"href":"https:\/\/agora.xtec.cat\/ceip-ignasiiglesias-cornella\/wp-json\/wp\/v2\/tags?post=2828"}],"curies":[{"name":"wp","href":"https:\/\/api.w.org\/{rel}","templated":true}]}}