{"id":2801,"date":"2019-02-14T13:05:18","date_gmt":"2019-02-14T12:05:18","guid":{"rendered":"http:\/\/agora.xtec.cat\/ceip-ignasiiglesias-cornella\/?p=2801"},"modified":"2020-05-03T23:53:53","modified_gmt":"2020-05-03T21:53:53","slug":"5e-cantania-2","status":"publish","type":"post","link":"https:\/\/agora.xtec.cat\/ceip-ignasiiglesias-cornella\/primaria\/cicle-superior\/5e-cantania-2\/","title":{"rendered":"5\u00e8. Cant\u00e0nia VIRTU@L"},"content":{"rendered":"<p style=\"text-align: center;\">L&#8217; ORGANITZACI\u00d3 DE LA CANT\u00c0NIA ENS HA CONFIRMAT LA CANCELACI\u00d3 DE TOTS ELS CONCERTS PREVISTOS AQUEST CURS.<\/p>\n<p style=\"text-align: center;\">MOLTS \u00c0NIMS NOIS I NOIES! PENSEU QUE VAM FER MOLT BONA FEINA! MIRAREM D&#8217; UNA MANERA O ALTRA DE MOSTRAR-LA A LA RESTA DE L&#8217;ESCOLA I FAM\u00cdLIES.<\/p>\n<h4 style=\"text-align: center;\"><strong>SI VOLEU FER ALGUN COMENTARI REFERENT AL MUSICAL, ENDAVANT! <\/strong><\/h4>\n<h4 style=\"text-align: center;\"><strong>M&#8217; ANIR\u00c0 MOLT B\u00c9 SABER QU\u00c8 PENSEU DE TOT PLEGAT DE CARA A L&#8217; INICI DEL PROPER CURS.<\/strong><\/h4>\n<p>Algunes dades importants sobre la Cant\u00e0nia d&#8217; aquest curs:<\/p>\n<p><strong>DATA:<\/strong><\/p>\n<p><strong>HORA DEL CONCERT:<\/strong><\/p>\n<p><strong>VESTUARI:<\/strong> Samarreta de color blau el\u00e8ctric (preferiblement sense dibuixos ni lletres); pantalons o faldilles negres, preferiblement amb butxaques.<\/p>\n<p><strong>LLOC:<\/strong> Auditori de Barcelona<\/p>\n<p><iframe loading=\"lazy\" src=\"https:\/\/www.google.com\/maps\/embed?pb=!1m18!1m12!1m3!1d5985.931688621441!2d2.182424569557228!3d41.396548116943!2m3!1f0!2f0!3f0!3m2!1i1024!2i768!4f13.1!3m3!1m2!1s0x12a4a31e344cbad9%3A0x591a74d97831dcd8!2sL'Auditori!5e0!3m2!1sca!2ses!4v1583952409957!5m2!1sca!2ses\" width=\"600\" height=\"450\" frameborder=\"0\" aria-hidden=\"false\"><\/iframe><\/p>\n<p><strong>COM ARRIBAR-HI?\u00a0<\/strong><\/p>\n<p>METRO L1 (vermella) parades Marina o Gl\u00f2ries<\/p>\n<p>RENFE R4 parada Arc de Triomf<\/p>\n<p><strong>CAN\u00c7ONS:<\/strong><\/p>\n<table style=\"border-collapse: collapse; width: 100%;\" border=\"1\">\n<tbody>\n<tr>\n<td style=\"width: 20%;\"><a href=\"https:\/\/www.youtube.com\/watch?v=1-g1iGWYk78&amp;list=PLtlmtT5fn4zGNlpMWU78yC7elLV5CDk6N&amp;index=2&amp;t=0s\" target=\"_blank\" rel=\"noopener noreferrer\">2. EL M\u00d3N DIGITAL<\/a><\/td>\n<td style=\"width: 20%;\"><a href=\"https:\/\/youtu.be\/cJmxwyLbUnA\" target=\"_blank\" rel=\"noopener noreferrer\">3. EL BLUES D&#8217;EN MARCEL<\/a><\/td>\n<td style=\"width: 20%;\"><a href=\"https:\/\/youtu.be\/5mi5yDLzT68\" target=\"_blank\" rel=\"noopener noreferrer\">4. LA CREACI\u00d3 DE LA SARA<\/a><\/td>\n<td style=\"width: 20%;\"><a href=\"https:\/\/youtu.be\/WcG7rr8R0WU\" target=\"_blank\" rel=\"noopener noreferrer\">5. TOT EL QUE JO PUC FER PER TU<\/a><\/td>\n<td style=\"width: 20%;\"><a href=\"https:\/\/youtu.be\/e6Qs32fs7PE\" target=\"_blank\" rel=\"noopener noreferrer\">6. CORRE, SALTA<\/a><\/td>\n<\/tr>\n<tr>\n<td style=\"width: 20%;\"><a href=\"https:\/\/youtu.be\/omGWmepCyek\" target=\"_blank\" rel=\"noopener noreferrer\">7. LA M\u00daSICA<\/a><\/td>\n<td style=\"width: 20%;\"><a href=\"https:\/\/youtu.be\/b92Lhh5qe6M\" target=\"_blank\" rel=\"noopener noreferrer\">8. LA PLUJA<\/a><\/td>\n<td style=\"width: 20%;\"><a href=\"https:\/\/youtu.be\/2652nPIK5N4\" target=\"_blank\" rel=\"noopener noreferrer\">10. ADEU<\/a><\/td>\n<td style=\"width: 20%;\"><a href=\"https:\/\/youtu.be\/uUPCxOChTes\" target=\"_blank\" rel=\"noopener noreferrer\">11. FINAL<\/a><\/td>\n<td style=\"width: 20%;\"><\/td>\n<\/tr>\n<\/tbody>\n<\/table>\n<p><strong>MOVIMENTS:<\/strong><\/p>\n<table style=\"border-collapse: collapse; width: 100%;\" border=\"1\">\n<tbody>\n<tr>\n<td style=\"width: 20%;\"><a href=\"https:\/\/youtu.be\/ieHTPx2h_6Q\" target=\"_blank\" rel=\"noopener noreferrer\">2. EL M\u00d3N DIGITAL<\/a><\/td>\n<td style=\"width: 20%;\"><a href=\"https:\/\/youtu.be\/7ioRusvEUv4\" target=\"_blank\" rel=\"noopener noreferrer\">3. EL BLUES D&#8217; EN MARCEL<\/a><\/td>\n<td style=\"width: 20%;\"><a href=\"https:\/\/youtu.be\/JdoLqjx_qAk\" target=\"_blank\" rel=\"noopener noreferrer\">4. LA CREACI\u00d3 DE LA SARA<\/a><\/td>\n<td style=\"width: 20%;\"><a href=\"https:\/\/youtu.be\/CQ7DEiRAUQk\" target=\"_blank\" rel=\"noopener noreferrer\">5. TOT EL QUE JO PUC FER PER TU<\/a><\/td>\n<td style=\"width: 20%;\"><a href=\"https:\/\/youtu.be\/k2918xfrudo\" target=\"_blank\" rel=\"noopener noreferrer\">6. CORRE, SALTA<\/a><\/td>\n<\/tr>\n<tr>\n<td style=\"width: 20%;\"><a href=\"https:\/\/youtu.be\/hSAElV7ERsQ\" target=\"_blank\" rel=\"noopener noreferrer\">7. LA M\u00daSICA<\/a><\/td>\n<td style=\"width: 20%;\"><a href=\"https:\/\/youtu.be\/PeqALuOvG44\" target=\"_blank\" rel=\"noopener noreferrer\">8. LA PLUJA<\/a><\/td>\n<td style=\"width: 20%;\"><a href=\"https:\/\/youtu.be\/oKmetv5H2zw\" target=\"_blank\" rel=\"noopener noreferrer\">10. ADEU<\/a><\/td>\n<td style=\"width: 20%;\"><a href=\"https:\/\/youtu.be\/FiP2z6txS6E\" target=\"_blank\" rel=\"noopener noreferrer\">11. FINAL<\/a><\/td>\n<td style=\"width: 20%;\"><\/td>\n<\/tr>\n<\/tbody>\n<\/table>\n<p>A m\u00e9s, tamb\u00e9 hi haur\u00e0 moviments a l&#8217; obertura, i a la can\u00e7\u00f3 9, on no cantem. Aqu\u00ed teniu els videos per si voleu fer-hi un cop d&#8217; ull.<\/p>\n<p><a href=\"https:\/\/youtu.be\/mOgk5U5MZP4\" target=\"_blank\" rel=\"noopener noreferrer\">OBERTURA<\/a><\/p>\n<p><a href=\"https:\/\/youtu.be\/ao6GJbEh-Kw\" target=\"_blank\" rel=\"noopener noreferrer\">CAN\u00c7\u00d3 9: QU\u00c8 FAIG<\/a><\/p>\n<p>&nbsp;<\/p>\n<p>Els videos karaoke de les can\u00e7ons els elabora la Noem\u00ed L\u00f3pez, mestra de m\u00fasica, i els penja al seu canal de Youtube per tal que tothom en pugui fer us. Aprofito per agrair-li la feinada que realitza ja fa molts anys i que tan ens ajuda.<\/p>\n","protected":false},"excerpt":{"rendered":"<p>L&#8217; ORGANITZACI\u00d3 DE LA CANT\u00c0NIA ENS HA CONFIRMAT LA CANCELACI\u00d3 DE TOTS ELS CONCERTS PREVISTOS AQUEST CURS.\u00a0&hellip;  <a href=\"https:\/\/agora.xtec.cat\/ceip-ignasiiglesias-cornella\/primaria\/cicle-superior\/5e-cantania-2\/\" title=\"Read 5\u00e8. Cant\u00e0nia VIRTU@L\">Llegeix m\u00e9s\u00bb<\/a><\/p>\n","protected":false},"author":4,"featured_media":3549,"comment_status":"open","ping_status":"closed","sticky":false,"template":"","format":"standard","meta":{"_bbp_topic_count":0,"_bbp_reply_count":0,"_bbp_total_topic_count":0,"_bbp_total_reply_count":0,"_bbp_voice_count":0,"_bbp_anonymous_reply_count":0,"_bbp_topic_count_hidden":0,"_bbp_reply_count_hidden":0,"_bbp_forum_subforum_count":0,"footnotes":""},"categories":[14,72],"tags":[281,655],"class_list":["post-2801","post","type-post","status-publish","format-standard","has-post-thumbnail","hentry","category-cicle-superior","category-musica","tag-cantania","tag-virtual"],"post_mailing_queue_ids":[],"_links":{"self":[{"href":"https:\/\/agora.xtec.cat\/ceip-ignasiiglesias-cornella\/wp-json\/wp\/v2\/posts\/2801","targetHints":{"allow":["GET"]}}],"collection":[{"href":"https:\/\/agora.xtec.cat\/ceip-ignasiiglesias-cornella\/wp-json\/wp\/v2\/posts"}],"about":[{"href":"https:\/\/agora.xtec.cat\/ceip-ignasiiglesias-cornella\/wp-json\/wp\/v2\/types\/post"}],"author":[{"embeddable":true,"href":"https:\/\/agora.xtec.cat\/ceip-ignasiiglesias-cornella\/wp-json\/wp\/v2\/users\/4"}],"replies":[{"embeddable":true,"href":"https:\/\/agora.xtec.cat\/ceip-ignasiiglesias-cornella\/wp-json\/wp\/v2\/comments?post=2801"}],"version-history":[{"count":4,"href":"https:\/\/agora.xtec.cat\/ceip-ignasiiglesias-cornella\/wp-json\/wp\/v2\/posts\/2801\/revisions"}],"predecessor-version":[{"id":4568,"href":"https:\/\/agora.xtec.cat\/ceip-ignasiiglesias-cornella\/wp-json\/wp\/v2\/posts\/2801\/revisions\/4568"}],"wp:featuredmedia":[{"embeddable":true,"href":"https:\/\/agora.xtec.cat\/ceip-ignasiiglesias-cornella\/wp-json\/wp\/v2\/media\/3549"}],"wp:attachment":[{"href":"https:\/\/agora.xtec.cat\/ceip-ignasiiglesias-cornella\/wp-json\/wp\/v2\/media?parent=2801"}],"wp:term":[{"taxonomy":"category","embeddable":true,"href":"https:\/\/agora.xtec.cat\/ceip-ignasiiglesias-cornella\/wp-json\/wp\/v2\/categories?post=2801"},{"taxonomy":"post_tag","embeddable":true,"href":"https:\/\/agora.xtec.cat\/ceip-ignasiiglesias-cornella\/wp-json\/wp\/v2\/tags?post=2801"}],"curies":[{"name":"wp","href":"https:\/\/api.w.org\/{rel}","templated":true}]}}