{"id":2784,"date":"2019-02-13T12:07:54","date_gmt":"2019-02-13T11:07:54","guid":{"rendered":"http:\/\/agora.xtec.cat\/ceip-ignasiiglesias-cornella\/?p=2784"},"modified":"2019-02-13T18:38:27","modified_gmt":"2019-02-13T17:38:27","slug":"xocolatada-solidaria-divendres-15-de-febrer","status":"publish","type":"post","link":"https:\/\/agora.xtec.cat\/ceip-ignasiiglesias-cornella\/portada\/xocolatada-solidaria-divendres-15-de-febrer\/","title":{"rendered":"XOCOLATADA SOLID\u00c0RIA DIVENDRES 15 DE FEBRER"},"content":{"rendered":"<p><span style=\"color: #993300;\">Aquest ser\u00e0 el tercer any que l&#8217;escola amb la col\u00b7laboraci\u00f3 de l&#8217;AMPA, organitza aquesta xocolatada. La finalitat \u00e9s recollir aportacions per a lluitar contra el c\u00e0ncer infantil. Tamb\u00e9 hi haur\u00e0 una paradeta destinada a la venda de detalls amb la mateixa finalitat.<\/span><\/p>\n<p>Us esperem a tots i totes en finalitzar la jornada lectiva !!!<\/p>\n<p><img loading=\"lazy\" decoding=\"async\" class=\"alignnone size-medium wp-image-2785\" src=\"https:\/\/agora.xtec.cat\/ceip-ignasiiglesias-cornella\/wp-content\/uploads\/usu1592\/2019\/02\/IMG-20190212-WA0001-300x225.jpg\" alt=\"\" width=\"300\" height=\"225\" srcset=\"https:\/\/agora.xtec.cat\/ceip-ignasiiglesias-cornella\/wp-content\/uploads\/usu1592\/2019\/02\/IMG-20190212-WA0001-300x225.jpg 300w, https:\/\/agora.xtec.cat\/ceip-ignasiiglesias-cornella\/wp-content\/uploads\/usu1592\/2019\/02\/IMG-20190212-WA0001-768x576.jpg 768w, https:\/\/agora.xtec.cat\/ceip-ignasiiglesias-cornella\/wp-content\/uploads\/usu1592\/2019\/02\/IMG-20190212-WA0001-1024x768.jpg 1024w, https:\/\/agora.xtec.cat\/ceip-ignasiiglesias-cornella\/wp-content\/uploads\/usu1592\/2019\/02\/IMG-20190212-WA0001-200x150.jpg 200w, https:\/\/agora.xtec.cat\/ceip-ignasiiglesias-cornella\/wp-content\/uploads\/usu1592\/2019\/02\/IMG-20190212-WA0001.jpg 1600w\" sizes=\"auto, (max-width: 300px) 100vw, 300px\" \/><\/p>\n<p>&nbsp;<\/p>\n","protected":false},"excerpt":{"rendered":"<p>Aquest ser\u00e0 el tercer any que l&#8217;escola amb la col\u00b7laboraci\u00f3 de l&#8217;AMPA, organitza aquesta xocolatada. La finalitat \u00e9s recollir aportacions per a lluitar contra el c\u00e0ncer infantil. Tamb\u00e9 hi haur\u00e0 una paradeta destinada a la venda de detalls amb la mateixa finalitat.<br \/>\nUs esperem a tots&hellip;  <a href=\"https:\/\/agora.xtec.cat\/ceip-ignasiiglesias-cornella\/portada\/xocolatada-solidaria-divendres-15-de-febrer\/\" title=\"Read XOCOLATADA SOLID\u00c0RIA DIVENDRES 15 DE FEBRER\">Llegeix m\u00e9s\u00bb<\/a><\/p>\n","protected":false},"author":1,"featured_media":2785,"comment_status":"open","ping_status":"closed","sticky":false,"template":"","format":"standard","meta":{"_bbp_topic_count":0,"_bbp_reply_count":0,"_bbp_total_topic_count":0,"_bbp_total_reply_count":0,"_bbp_voice_count":0,"_bbp_anonymous_reply_count":0,"_bbp_topic_count_hidden":0,"_bbp_reply_count_hidden":0,"_bbp_forum_subforum_count":0,"footnotes":""},"categories":[4],"tags":[217,216],"class_list":["post-2784","post","type-post","status-publish","format-standard","has-post-thumbnail","hentry","category-portada","tag-solidaria","tag-xocolatada"],"post_mailing_queue_ids":[],"_links":{"self":[{"href":"https:\/\/agora.xtec.cat\/ceip-ignasiiglesias-cornella\/wp-json\/wp\/v2\/posts\/2784","targetHints":{"allow":["GET"]}}],"collection":[{"href":"https:\/\/agora.xtec.cat\/ceip-ignasiiglesias-cornella\/wp-json\/wp\/v2\/posts"}],"about":[{"href":"https:\/\/agora.xtec.cat\/ceip-ignasiiglesias-cornella\/wp-json\/wp\/v2\/types\/post"}],"author":[{"embeddable":true,"href":"https:\/\/agora.xtec.cat\/ceip-ignasiiglesias-cornella\/wp-json\/wp\/v2\/users\/1"}],"replies":[{"embeddable":true,"href":"https:\/\/agora.xtec.cat\/ceip-ignasiiglesias-cornella\/wp-json\/wp\/v2\/comments?post=2784"}],"version-history":[{"count":3,"href":"https:\/\/agora.xtec.cat\/ceip-ignasiiglesias-cornella\/wp-json\/wp\/v2\/posts\/2784\/revisions"}],"predecessor-version":[{"id":2794,"href":"https:\/\/agora.xtec.cat\/ceip-ignasiiglesias-cornella\/wp-json\/wp\/v2\/posts\/2784\/revisions\/2794"}],"wp:featuredmedia":[{"embeddable":true,"href":"https:\/\/agora.xtec.cat\/ceip-ignasiiglesias-cornella\/wp-json\/wp\/v2\/media\/2785"}],"wp:attachment":[{"href":"https:\/\/agora.xtec.cat\/ceip-ignasiiglesias-cornella\/wp-json\/wp\/v2\/media?parent=2784"}],"wp:term":[{"taxonomy":"category","embeddable":true,"href":"https:\/\/agora.xtec.cat\/ceip-ignasiiglesias-cornella\/wp-json\/wp\/v2\/categories?post=2784"},{"taxonomy":"post_tag","embeddable":true,"href":"https:\/\/agora.xtec.cat\/ceip-ignasiiglesias-cornella\/wp-json\/wp\/v2\/tags?post=2784"}],"curies":[{"name":"wp","href":"https:\/\/api.w.org\/{rel}","templated":true}]}}